{"id":882,"date":"2022-01-13T14:00:00","date_gmt":"2022-01-13T17:00:00","guid":{"rendered":"https:\/\/alliviciblog.azurewebsites.net\/?p=882"},"modified":"2022-01-12T17:00:07","modified_gmt":"2022-01-12T20:00:07","slug":"como-motivar-o-seu-paciente-neste-comeco-de-ano","status":"publish","type":"post","link":"https:\/\/alliviciblog.azurewebsites.net\/index.php\/2022\/01\/13\/como-motivar-o-seu-paciente-neste-comeco-de-ano\/","title":{"rendered":"Como motivar o seu paciente neste come\u00e7o de ano?"},"content":{"rendered":"\n<p><em>Recado importante: esse texto expressa uma opini\u00e3o pessoal, ou seja, n\u00e3o \u00e9 um aconselhamento profissional e voc\u00ea n\u00e3o precisa concordar comigo! Boa leitura \ud83d\ude42&nbsp;<\/em><\/p>\n\n\n\n<p>A cada come\u00e7o de ano, assim como na volta de feriados e outros per\u00edodos de celebra\u00e7\u00f5es, muitas pessoas se deparam com as <strong>mudan\u00e7as<\/strong> desejadas e querem encontrar, de forma r\u00e1pida, os resultados esperados.\u00a0<\/p>\n\n\n\n<p>O nutricionista \u00e9 o profissional procurado quando essas mudan\u00e7as envolvem a alimenta\u00e7\u00e3o, sa\u00fade e emagrecimento. Diante do desejo de <strong>resultados <\/strong>imediatos, muitos se <strong>frustram<\/strong> ao se depararem com as dificuldades di\u00e1rias encaradas durante essa jornada. <\/p>\n\n\n\n<p><strong><span style=\"color:#4b9595\" class=\"has-inline-color\">Ent\u00e3o, como motivar o seu paciente a continuar?<\/span><\/strong><\/p>\n\n\n\n<ul><li><strong>Instigar uma maior consci\u00eancia:<\/strong> conversar sobre o que aconteceu at\u00e9 o presente momento pode ser uma forma de levar o paciente a refletir sobre a pr\u00f3pria hist\u00f3ria. Entendendo que muitos fatores e um intervalo de tempo foram necess\u00e1rios para chegar at\u00e9 essa condi\u00e7\u00e3o; assim, outros tamb\u00e9m ser\u00e3o para atingir determinada mudan\u00e7a;<\/li><\/ul>\n\n\n\n<ul><li><strong>Focar no longo prazo: <\/strong>visando que grandes mudan\u00e7as n\u00e3o ocorrem de uma semana para outra, estabelecer pequenas metas pode motivar o paciente a entender que est\u00e1 em processo, assim, focar no longo prazo pode ser ben\u00e9fico;<\/li><\/ul>\n\n\n\n<ul><li><strong>Celebrar quaisquer conquistas<\/strong>: apesar de imediatismos n\u00e3o serem incentivados, no curto prazo as conquistas precisam ser reconhecidas, caso contr\u00e1rio, o objetivo final fica distante demais, tornando-se algo inating\u00edvel. Por isso, incentive o seu paciente a celebrar quaisquer melhoras durante o tratamento;<\/li><\/ul>\n\n\n\n<p>\u00c9 importante lembrar que ningu\u00e9m \u00e9 totalmente capaz de motivar o outro, j\u00e1 que esse \u00e9 um aspecto<strong> intr\u00ednseco<\/strong>, mas \u00e9 poss\u00edvel fazer uso de estrat\u00e9gias para despertar isso no outro. Como voc\u00ea pretende guiar os seus pacientes ou clientes neste come\u00e7o de ano?<\/p>\n\n\n\n<p><strong>Um \u00f3timo (re)come\u00e7o a todos!&nbsp;<\/strong><\/p>\n\n\n\n<p><strong>At\u00e9 mais!&nbsp;<\/strong><\/p>\n","protected":false},"excerpt":{"rendered":"<p>A cada come\u00e7o de ano, assim como na volta de feriados e outros per\u00edodos de celebra\u00e7\u00f5es, muitas pessoas se deparam com as mudan\u00e7as que desejam e querem encontrar, de forma r\u00e1pida, os resultados esperados. O nutricionista \u00e9 o profissional procurado quando essas mudan\u00e7as envolvem a alimenta\u00e7\u00e3o, sa\u00fade e emagrecimento. Nesse desejo de resultados imediatos, muitos se frustram ao se depararem com as dificuldades encaradas durante essa jornada. Ent\u00e3o, como motivar o seu paciente a continuar?<\/p>\n","protected":false},"author":9,"featured_media":883,"comment_status":"open","ping_status":"open","sticky":false,"template":"","format":"standard","meta":{"spay_email":""},"categories":[134],"tags":[45,202,203,142,143,115,146],"jetpack_featured_media_url":"\/wp-content\/uploads\/2022\/01\/cathryn-lavery-NsWcRlBT_74-unsplash.jpg","jetpack-related-posts":[{"id":1157,"url":"https:\/\/alliviciblog.azurewebsites.net\/index.php\/2022\/06\/23\/vida-de-nutricionista-motivacao-x-resultados\/","url_meta":{"origin":882,"position":0},"title":"Vida de Nutricionista: Motiva\u00e7\u00e3o x Resultados","date":"23 de junho de 2022","format":false,"excerpt":"O que fazer quando o paciente n\u00e3o est\u00e1 motivado? Podemos motiv\u00e1-lo a mudar? O profissional pode encontrar estrat\u00e9gias para que o pr\u00f3prio indiv\u00edduo se motive. Como fazer isso? Saiba mais!","rel":"","context":"Em &quot;Vida de nutricionista&quot;","img":{"alt_text":"","src":"\/wp-content\/uploads\/2021\/09\/postblog-e1630618911424.jpg","width":350,"height":200},"classes":[]},{"id":750,"url":"https:\/\/alliviciblog.azurewebsites.net\/index.php\/2021\/09\/03\/como-motivar-o-seu-paciente\/","url_meta":{"origin":882,"position":1},"title":"Como motivar o seu paciente?","date":"3 de setembro de 2021","format":false,"excerpt":"Sabemos que a motiva\u00e7\u00e3o e prontid\u00e3o para mudar s\u00e3o fatores essenciais para que resultados sejam obtidos no tratamento nutricional. E quando o paciente n\u00e3o est\u00e1 motivado? Podemos motiv\u00e1-lo a mudar? \u00c9 importante lembrar que ningu\u00e9m \u00e9 capaz de motivar o outro, j\u00e1 que a motiva\u00e7\u00e3o \u00e9 um aspecto intr\u00ednseco, o\u2026","rel":"","context":"Em &quot;Vida de nutricionista&quot;","img":{"alt_text":"","src":"\/wp-content\/uploads\/2021\/09\/postblog-e1630618911424.jpg","width":350,"height":200},"classes":[]},{"id":1395,"url":"https:\/\/alliviciblog.azurewebsites.net\/index.php\/2023\/01\/10\/janeiro-branco-nutricao-e-saude-mental\/","url_meta":{"origin":882,"position":2},"title":"Janeiro Branco: Nutri\u00e7\u00e3o e Sa\u00fade Mental?","date":"10 de janeiro de 2023","format":false,"excerpt":"A cada come\u00e7o de ano todos s\u00e3o estimulados a refletir mais sobre as suas vidas, rela\u00e7\u00f5es, escolhas e mudan\u00e7as desejadas. Por isso, a campanha sobre sa\u00fade mental e emocional acontece nesse per\u00edodo de forma muito prop\u00edcia. Na nutri\u00e7\u00e3o falar sobre a pauta de sa\u00fade mental \u00e9 muito importante. No texto\u2026","rel":"","context":"Em &quot;Vida de nutricionista&quot;","img":{"alt_text":"","src":"\/wp-content\/uploads\/2023\/01\/pexels-photo-4672441-e1673021095421.jpeg","width":350,"height":200},"classes":[]},{"id":1237,"url":"https:\/\/alliviciblog.azurewebsites.net\/index.php\/2022\/08\/25\/vida-de-nutricionista-motivos-para-continuar\/","url_meta":{"origin":882,"position":3},"title":"Vida de Nutricionista: Motivos para Continuar","date":"25 de agosto de 2022","format":false,"excerpt":"Na pr\u00f3xima semana n\u00f3s celebramos o Dia do Nutricionista (31\/08).\u00a0O nutricionista enfrenta muitas dificuldades profissionais, mas h\u00e1 tantas outras situa\u00e7\u00f5es que podem nos motivar. J\u00e1 pensou em como voc\u00ea pode se surpreender sendo nutricionista? Hoje, em homenagem \u00e0 profiss\u00e3o, n\u00f3s trouxemos a hist\u00f3ria de uma de n\u00f3s para que possa\u2026","rel":"","context":"Em &quot;Atualidades&quot;","img":{"alt_text":"","src":"\/wp-content\/uploads\/2022\/08\/alimentacao-na-infancia-4-e1659381381957.jpg","width":350,"height":200},"classes":[]},{"id":731,"url":"https:\/\/alliviciblog.azurewebsites.net\/index.php\/2021\/08\/27\/o-que-te-motiva-a-continuar\/","url_meta":{"origin":882,"position":4},"title":"O que te motiva a continuar?","date":"27 de agosto de 2021","format":false,"excerpt":"O nutricionista enfrenta muitas dificuldades profissionais, mas h\u00e1 tantas outras situa\u00e7\u00f5es que podem te motivam a continuar. J\u00e1 pensou em como voc\u00ea pode se surpreender no dia a dia, sendo nutricionista?\u00a0Hoje, em homenagem a profiss\u00e3o, n\u00f3s trouxemos uma hist\u00f3ria para que possamos refletir sobre a mudan\u00e7a de vida que o\u2026","rel":"","context":"Em &quot;Vida de nutricionista&quot;","img":{"alt_text":"","src":"\/wp-content\/uploads\/2021\/08\/brooke-cagle-NoRsyXmHGpI-unsplash-scaled-e1629895296855.jpg","width":350,"height":200},"classes":[]},{"id":888,"url":"https:\/\/alliviciblog.azurewebsites.net\/index.php\/2022\/01\/20\/nutricao-saude-mental-e-janeiro-branco\/","url_meta":{"origin":882,"position":5},"title":"Nutri\u00e7\u00e3o, Sa\u00fade Mental e Janeiro Branco","date":"20 de janeiro de 2022","format":false,"excerpt":"Ao come\u00e7ar mais um ano, muitos refletem sobre o seu papel profissional na nutri\u00e7\u00e3o, tra\u00e7ando novas metas profissionais e buscando aprimoramentos. Tamb\u00e9m h\u00e1 um incentivo coletivo para que todos pensem mais sobre a pr\u00f3pria sa\u00fade, n\u00e3o s\u00f3 f\u00edsica, como tamb\u00e9m mental. Como cuidar mais de si?\u00a0","rel":"","context":"Em &quot;Atualidades&quot;","img":{"alt_text":"","src":"\/wp-content\/uploads\/2022\/01\/pexels-vie-studio-7005332-scaled-e1642598998129.jpg","width":350,"height":200},"classes":[]}],"_links":{"self":[{"href":"https:\/\/alliviciblog.azurewebsites.net\/index.php\/wp-json\/wp\/v2\/posts\/882"}],"collection":[{"href":"https:\/\/alliviciblog.azurewebsites.net\/index.php\/wp-json\/wp\/v2\/posts"}],"about":[{"href":"https:\/\/alliviciblog.azurewebsites.net\/index.php\/wp-json\/wp\/v2\/types\/post"}],"author":[{"embeddable":true,"href":"https:\/\/alliviciblog.azurewebsites.net\/index.php\/wp-json\/wp\/v2\/users\/9"}],"replies":[{"embeddable":true,"href":"https:\/\/alliviciblog.azurewebsites.net\/index.php\/wp-json\/wp\/v2\/comments?post=882"}],"version-history":[{"count":3,"href":"https:\/\/alliviciblog.azurewebsites.net\/index.php\/wp-json\/wp\/v2\/posts\/882\/revisions"}],"predecessor-version":[{"id":1377,"href":"https:\/\/alliviciblog.azurewebsites.net\/index.php\/wp-json\/wp\/v2\/posts\/882\/revisions\/1377"}],"wp:featuredmedia":[{"embeddable":true,"href":"https:\/\/alliviciblog.azurewebsites.net\/index.php\/wp-json\/wp\/v2\/media\/883"}],"wp:attachment":[{"href":"https:\/\/alliviciblog.azurewebsites.net\/index.php\/wp-json\/wp\/v2\/media?parent=882"}],"wp:term":[{"taxonomy":"category","embeddable":true,"href":"https:\/\/alliviciblog.azurewebsites.net\/index.php\/wp-json\/wp\/v2\/categories?post=882"},{"taxonomy":"post_tag","embeddable":true,"href":"https:\/\/alliviciblog.azurewebsites.net\/index.php\/wp-json\/wp\/v2\/tags?post=882"}],"curies":[{"name":"wp","href":"https:\/\/api.w.org\/{rel}","templated":true}]}}