{"id":761,"date":"2021-09-10T09:00:00","date_gmt":"2021-09-10T12:00:00","guid":{"rendered":"https:\/\/alliviciblog.azurewebsites.net\/?p=761"},"modified":"2021-09-08T09:44:47","modified_gmt":"2021-09-08T12:44:47","slug":"setembro-amarelo-qual-o-papel-do-nutricionista-nesse-cenario","status":"publish","type":"post","link":"https:\/\/alliviciblog.azurewebsites.net\/index.php\/2021\/09\/10\/setembro-amarelo-qual-o-papel-do-nutricionista-nesse-cenario\/","title":{"rendered":"Setembro Amarelo &#8211; Qual o papel do nutricionista nesse cen\u00e1rio?"},"content":{"rendered":"\n<p>Nesse m\u00eas temos uma importante campanha que merece a aten\u00e7\u00e3o de todos, principalmente entre os profissionais de sa\u00fade, a do &#8220;Setembro Amarelo&#8221;. Inclusive, hoje (10\/09) \u00e9 o <strong>Dia Mundial da Preven\u00e7\u00e3o do Suic\u00eddio<\/strong>.\u00a0<\/p>\n\n\n\n<p>Apenas no Brasil aproximadamente <strong>12 mil casos<\/strong> de suic\u00eddio s\u00e3o registrados todos os anos, com quase 97% desses associados a algum transtorno psiqui\u00e1trico (<a href=\"https:\/\/www.setembroamarelo.com\/\">1<\/a>). \u00c9 com o objetivo de reduzir esses n\u00fameros que todos precisam estar envolvidos nesse movimento. <strong>Ent\u00e3o, qual \u00e9 o papel do nutricionista nesse cen\u00e1rio?&nbsp;<\/strong><\/p>\n\n\n\n<p>O nutricionista \u00e9 um dos profissionais da sa\u00fade e com modelo terap\u00eautico de<strong> escuta ativa<\/strong>, isso o possibilita a receber muitos relatos pessoais que podem indicar<strong> sinais<\/strong> para depress\u00e3o ou comportamentos de risco para suic\u00eddio.&nbsp;<\/p>\n\n\n\n<p>Mesmo o nutricionista n\u00e3o sendo apto para avaliar esses casos, \u00e9 importante que o mesmo esteja atento aos sinais, pois ele pode realizar o devido encaminhamento para um <strong>psic\u00f3logo<\/strong>.&nbsp;<\/p>\n\n\n\n<p>Dois <strong>estudos brasileiros<\/strong> apontaram maior risco para suic\u00eddio entre indiv\u00edduos com sintomas para transtornos alimentares, sendo esse agravado quando tamb\u00e9m havia sintomatologia de depress\u00e3o (<a href=\"https:\/\/www.scielo.br\/j\/eins\/a\/cskxXS75mBGzqHhYXhQjtcf\/?lang=pt\">2<\/a>,<a href=\"https:\/\/www.longdom.org\/open-access\/risk-of-suicide-in-adolescents-with-symptoms-of-eating-disorders-anddepression-2167-1044-1000274.pdf\">3<\/a>).<\/p>\n\n\n\n<p>Os estudos apontam <strong>correla\u00e7\u00e3o<\/strong> entre transtornos alimentares e risco para suic\u00eddio, mas ainda n\u00e3o h\u00e1 clareza sobre essa associa\u00e7\u00e3o, ou seja, se a presen\u00e7a do transtorno alimentar pode ser considerado um fator de risco para suic\u00eddio (<a href=\"https:\/\/pubmed.ncbi.nlm.nih.gov\/29444332\/\">4<\/a>).&nbsp;<\/p>\n\n\n\n<p>Por\u00e9m, esse \u00e9 um <strong>dado importante<\/strong> a ser considerado na conduta cl\u00ednica do nutricionista, para que esse esteja mais atento aos poss\u00edveis <strong>sinais<\/strong> e mais preparado para realizar um encaminhamento profissional.<\/p>\n\n\n\n<div class=\"wp-block-image\"><figure class=\"aligncenter size-large is-resized\"><img loading=\"lazy\" src=\"\/wp-content\/uploads\/2021\/09\/setembroamarelo_site-1080x675-1-1024x640.jpg\" alt=\"\" class=\"wp-image-762\" width=\"523\" height=\"327\" srcset=\"\/wp-content\/uploads\/2021\/09\/setembroamarelo_site-1080x675-1-1024x640.jpg 1024w, \/wp-content\/uploads\/2021\/09\/setembroamarelo_site-1080x675-1-300x188.jpg 300w, \/wp-content\/uploads\/2021\/09\/setembroamarelo_site-1080x675-1-768x480.jpg 768w, \/wp-content\/uploads\/2021\/09\/setembroamarelo_site-1080x675-1.jpg 1080w\" sizes=\"(max-width: 523px) 100vw, 523px\" \/><figcaption><sub>fonte: <a href=\"https:\/\/sindalesc.org.br\/2020\/09\/01\/setembro-amarelo\/\" target=\"_blank\" rel=\"noreferrer noopener\">site sindalesc<\/a><\/sub><\/figcaption><\/figure><\/div>\n\n\n\n<p>Sabe onde pode <strong>buscar ajuda<\/strong>? Voc\u00ea pode encontrar os canais do <strong>Centro de Valoriza\u00e7\u00e3o da Vida<\/strong> clicando nesse <a href=\"https:\/\/www.cvv.org.br\/quero-conversar\/\">link<\/a>!<\/p>\n\n\n\n<p>No m\u00eas de junho trouxemos um blog falando sobre a import\u00e2ncia de conhecer os <strong>sinais para transtornos alimentares<\/strong>,<strong> <\/strong>principalmente para poder realizar o devido encaminhamento profissional. Acreditamos que possa ser um assunto complementar ao de hoje, voc\u00ea pode ler clicando <a rel=\"noreferrer noopener\" href=\"https:\/\/alliviciblog.wordpress.com\/2021\/06\/04\/os-5-sinais-de-atencao-para-transtornos-alimentares\/\" target=\"_blank\">aqui<\/a>! <\/p>\n\n\n\n<p><strong>At\u00e9 mais!<\/strong><\/p>\n","protected":false},"excerpt":{"rendered":"<p>Nesse m\u00eas temos uma importante campanha que merece a aten\u00e7\u00e3o de todos, principalmente entre os profissionais de sa\u00fade, a do &#8220;Setembro Amarelo&#8221;. Inclusive, hoje (10\/09) \u00e9 o Dia Mundial da Preven\u00e7\u00e3o do Suic\u00eddio.\u00a0 Apenas no Brasil aproximadamente 12 mil casos de suic\u00eddio s\u00e3o registrados todos os anos, com quase 97% desses associados a algum transtorno&hellip; <a href=\"https:\/\/alliviciblog.azurewebsites.net\/index.php\/2021\/09\/10\/setembro-amarelo-qual-o-papel-do-nutricionista-nesse-cenario\/\" class=\"more-link\">Continuar lendo <span class=\"screen-reader-text\">Setembro Amarelo &#8211; Qual o papel do nutricionista nesse cen\u00e1rio?<\/span><\/a><\/p>\n","protected":false},"author":9,"featured_media":765,"comment_status":"open","ping_status":"open","sticky":false,"template":"","format":"standard","meta":{"spay_email":""},"categories":[2],"tags":[158,161,100,159,110,157,115,160],"jetpack_featured_media_url":"\/wp-content\/uploads\/2021\/09\/annie-spratt-gXQCELcnI2U-unsplash-scaled-e1631104836947.jpg","jetpack-related-posts":[{"id":1243,"url":"https:\/\/alliviciblog.azurewebsites.net\/index.php\/2022\/09\/01\/vida-de-nutricionista-setembro-amarelo\/","url_meta":{"origin":761,"position":0},"title":"A import\u00e2ncia de Setembro Amarelo para o Nutricionista","date":"1 de setembro de 2022","format":false,"excerpt":"No Brasil, aproximadamente 12 mil casos de suic\u00eddio s\u00e3o registrados todos os anos, com quase 97% desses associados a algum transtorno psiqui\u00e1trico. Os profissionais da sa\u00fade podem, e devem, ser os principais capacitados na identifica\u00e7\u00e3o de poss\u00edveis sinais de aten\u00e7\u00e3o. Ent\u00e3o, teria o nutricionista um papel nesse cen\u00e1rio?","rel":"","context":"Em &quot;Atualidades&quot;","img":{"alt_text":"","src":"\/wp-content\/uploads\/2022\/08\/setembro-amarelo-1200x675-1-e1661369381685.jpg","width":350,"height":200},"classes":[]},{"id":798,"url":"https:\/\/alliviciblog.azurewebsites.net\/index.php\/2021\/10\/07\/vida-de-nutricionista-saude-mental\/","url_meta":{"origin":761,"position":1},"title":"Vida de Nutricionista: Sa\u00fade Mental","date":"7 de outubro de 2021","format":false,"excerpt":"Faz poucas semanas que encerramos o m\u00eas de campanha em preven\u00e7\u00e3o ao suic\u00eddio, Setembro Amarelo, e apesar de ainda estarmos a alguns meses de Janeiro Branco, sa\u00fade mental \u00e9 um assunto a ser falado o ano inteiro, n\u00e3o acha? Saiba quatro formas de cuidar mais de si!","rel":"","context":"Em &quot;Vida de nutricionista&quot;","img":{"alt_text":"","src":"\/wp-content\/uploads\/2021\/08\/brooke-cagle-xcgh5_-QIXc-unsplash-scaled.jpg","width":350,"height":200},"classes":[]},{"id":1632,"url":"https:\/\/alliviciblog.azurewebsites.net\/index.php\/2024\/01\/09\/janeiro-branco-qual-e-o-papel-da-nutricao-na-saude-mental\/","url_meta":{"origin":761,"position":2},"title":"Janeiro Branco: Qual \u00e9 o papel da nutri\u00e7\u00e3o na sa\u00fade mental?","date":"9 de janeiro de 2024","format":false,"excerpt":"A cada come\u00e7o de ano todos s\u00e3o estimulados a refletir mais sobre as suas vidas, escolhas e mudan\u00e7as desejadas. Por isso, a campanha sobre sa\u00fade mental e emocional em janeiro acontece de forma muito prop\u00edcia (1). O nutricionista n\u00e3o \u00e9 o profissional respons\u00e1vel por esse cuidado, mas obter conhecimento sobre\u2026","rel":"","context":"Em &quot;Atualidades&quot;","img":{"alt_text":"","src":"\/wp-content\/uploads\/2024\/01\/1-e1704822485126.png","width":350,"height":200},"classes":[]},{"id":888,"url":"https:\/\/alliviciblog.azurewebsites.net\/index.php\/2022\/01\/20\/nutricao-saude-mental-e-janeiro-branco\/","url_meta":{"origin":761,"position":3},"title":"Nutri\u00e7\u00e3o, Sa\u00fade Mental e Janeiro Branco","date":"20 de janeiro de 2022","format":false,"excerpt":"Ao come\u00e7ar mais um ano, muitos refletem sobre o seu papel profissional na nutri\u00e7\u00e3o, tra\u00e7ando novas metas profissionais e buscando aprimoramentos. Tamb\u00e9m h\u00e1 um incentivo coletivo para que todos pensem mais sobre a pr\u00f3pria sa\u00fade, n\u00e3o s\u00f3 f\u00edsica, como tamb\u00e9m mental. Como cuidar mais de si?\u00a0","rel":"","context":"Em &quot;Atualidades&quot;","img":{"alt_text":"","src":"\/wp-content\/uploads\/2022\/01\/pexels-vie-studio-7005332-scaled-e1642598998129.jpg","width":350,"height":200},"classes":[]},{"id":1395,"url":"https:\/\/alliviciblog.azurewebsites.net\/index.php\/2023\/01\/10\/janeiro-branco-nutricao-e-saude-mental\/","url_meta":{"origin":761,"position":4},"title":"Janeiro Branco: Nutri\u00e7\u00e3o e Sa\u00fade Mental?","date":"10 de janeiro de 2023","format":false,"excerpt":"A cada come\u00e7o de ano todos s\u00e3o estimulados a refletir mais sobre as suas vidas, rela\u00e7\u00f5es, escolhas e mudan\u00e7as desejadas. Por isso, a campanha sobre sa\u00fade mental e emocional acontece nesse per\u00edodo de forma muito prop\u00edcia. Na nutri\u00e7\u00e3o falar sobre a pauta de sa\u00fade mental \u00e9 muito importante. No texto\u2026","rel":"","context":"Em &quot;Vida de nutricionista&quot;","img":{"alt_text":"","src":"\/wp-content\/uploads\/2023\/01\/pexels-photo-4672441-e1673021095421.jpeg","width":350,"height":200},"classes":[]},{"id":1089,"url":"https:\/\/alliviciblog.azurewebsites.net\/index.php\/2022\/05\/26\/transtornos-alimentares-qual-e-o-papel-do-nutricionista\/","url_meta":{"origin":761,"position":5},"title":"Transtornos alimentares: qual \u00e9 o papel do nutricionista?","date":"26 de maio de 2022","format":false,"excerpt":"Em lembrete ao Dia Mundial de Conscientiza\u00e7\u00e3o dos Transtornos Alimentares (02\/06) o texto de hoje ressalta pontos importantes sobre o tema. Em especial, direcionado aos nutricionistas, pois lidam diariamente com a alimenta\u00e7\u00e3o das pessoas. Confira!","rel":"","context":"Em &quot;Atualidades&quot;","img":{"alt_text":"","src":"\/wp-content\/uploads\/2022\/05\/Screen-Shot-2022-05-24-at-12.48.16-PM-e1653407426394.png","width":350,"height":200},"classes":[]}],"_links":{"self":[{"href":"https:\/\/alliviciblog.azurewebsites.net\/index.php\/wp-json\/wp\/v2\/posts\/761"}],"collection":[{"href":"https:\/\/alliviciblog.azurewebsites.net\/index.php\/wp-json\/wp\/v2\/posts"}],"about":[{"href":"https:\/\/alliviciblog.azurewebsites.net\/index.php\/wp-json\/wp\/v2\/types\/post"}],"author":[{"embeddable":true,"href":"https:\/\/alliviciblog.azurewebsites.net\/index.php\/wp-json\/wp\/v2\/users\/9"}],"replies":[{"embeddable":true,"href":"https:\/\/alliviciblog.azurewebsites.net\/index.php\/wp-json\/wp\/v2\/comments?post=761"}],"version-history":[{"count":2,"href":"https:\/\/alliviciblog.azurewebsites.net\/index.php\/wp-json\/wp\/v2\/posts\/761\/revisions"}],"predecessor-version":[{"id":767,"href":"https:\/\/alliviciblog.azurewebsites.net\/index.php\/wp-json\/wp\/v2\/posts\/761\/revisions\/767"}],"wp:featuredmedia":[{"embeddable":true,"href":"https:\/\/alliviciblog.azurewebsites.net\/index.php\/wp-json\/wp\/v2\/media\/765"}],"wp:attachment":[{"href":"https:\/\/alliviciblog.azurewebsites.net\/index.php\/wp-json\/wp\/v2\/media?parent=761"}],"wp:term":[{"taxonomy":"category","embeddable":true,"href":"https:\/\/alliviciblog.azurewebsites.net\/index.php\/wp-json\/wp\/v2\/categories?post=761"},{"taxonomy":"post_tag","embeddable":true,"href":"https:\/\/alliviciblog.azurewebsites.net\/index.php\/wp-json\/wp\/v2\/tags?post=761"}],"curies":[{"name":"wp","href":"https:\/\/api.w.org\/{rel}","templated":true}]}}