{"id":561,"date":"2021-06-18T09:00:00","date_gmt":"2021-06-18T12:00:00","guid":{"rendered":"https:\/\/alliviciblog.wordpress.com\/?p=561"},"modified":"2021-06-18T09:00:00","modified_gmt":"2021-06-18T12:00:00","slug":"parceria-entre-nutricionistas","status":"publish","type":"post","link":"https:\/\/alliviciblog.azurewebsites.net\/index.php\/2021\/06\/18\/parceria-entre-nutricionistas\/","title":{"rendered":"Parceria entre nutricionistas?"},"content":{"rendered":"\n<p><em>Recado importante: esse texto expressa uma opini\u00e3o pessoal, ou seja, n\u00e3o \u00e9 um aconselhamento profissional e voc\u00ea n\u00e3o precisa concordar comigo! Boa leitura \ud83d\ude42 <\/em>&nbsp;<\/p>\n\n\n\n<p>Todos temos dificuldades a serem enfrentadas no <strong>in\u00edcio da carreira<\/strong>. N\u00e3o \u00e9 incomum que o nutricionista que realiza atendimentos se veja em uma situa\u00e7\u00e3o competitiva e at\u00e9 mesmo solit\u00e1ria profissionalmente.<\/p>\n\n\n\n<p>N\u00e3o tenho muito tempo de formada, mas desde a faculdade tinha a percep\u00e7\u00e3o de que havia certa \u201cdisputa\u201d entre colegas de profiss\u00e3o e sentia falta de mais <strong>colabora\u00e7\u00e3o<\/strong> como acontece em outras \u00e1reas.<\/p>\n\n\n\n<p>Se cada profissional possui uma conduta terap\u00eautica \u00fanica, \u00e1reas de interesse distintas e personalidades incompar\u00e1veis, como poderia haver concorr\u00eancia? S\u00e3o servi\u00e7os completamente diferentes, para p\u00fablicos diferentes. \u00c9 poss\u00edvel trabalhar em coopera\u00e7\u00e3o!<\/p>\n\n\n\n<p><strong>Ainda h\u00e1 muita inseguran\u00e7a entre nutricionistas para trabalhar com parcerias, mas isso pode mudar. O que acha de tentar?<\/strong><\/p>\n\n\n\n<p>Voc\u00eas podem desenvolver ideias e projetos juntos, dividir consult\u00f3rios e reduzir custos, ou at\u00e9 mesmo compartilhar das dores e alegrias que \u00e9 ser nutricionista. Fica a sugest\u00e3o!<\/p>\n\n\n\n<p>\u00c9 claro, quando se trabalha em grupo nem tudo \u00e9 um mar de rosas. Naturalmente divergimos em alguns aspectos pessoais, ou profissionais. No entanto, o importante \u00e9 haver <strong>espa\u00e7o<\/strong> para o di\u00e1logo entre propostas diferentes.<\/p>\n\n\n\n<p>Claro, \u00e9 importante que a <strong>sa\u00fade<\/strong> do paciente\/cliente esteja sempre em primeiro plano. Por isso, em caso de conduta anti\u00e9tica de profissionais com quem voc\u00ea trabalhe, ou n\u00e3o, \u00e9 muito importante <strong>reportar<\/strong> junto ao Conselho Regional da sua regi\u00e3o.<\/p>\n\n\n\n<p>Ter apoio de quem compartilha dessa vis\u00e3o pode ser essencial para o seu trabalho. Inclusive, a <strong>import\u00e2ncia<\/strong> da coopera\u00e7\u00e3o profissional tamb\u00e9m j\u00e1 foi tema de um post aqui&#8230;<\/p>\n\n\n\n<figure class=\"wp-block-image size-large is-resized\"><img loading=\"lazy\" src=\"\/wp-content\/uploads\/2021\/06\/screen-shot-2021-06-16-at-2.31.01-pm-1.png?w=820\" alt=\"\" class=\"wp-image-572\" width=\"701\" height=\"369\" srcset=\"\/wp-content\/uploads\/2021\/06\/screen-shot-2021-06-16-at-2.31.01-pm-1.png 820w, \/wp-content\/uploads\/2021\/06\/screen-shot-2021-06-16-at-2.31.01-pm-1-300x158.png 300w, \/wp-content\/uploads\/2021\/06\/screen-shot-2021-06-16-at-2.31.01-pm-1-768x405.png 768w\" sizes=\"(max-width: 701px) 100vw, 701px\" \/><\/figure>\n\n\n\n<p><span class=\"has-inline-color has-black-color\"><strong>Voc\u00ea leu \u201c5 estrat\u00e9gias para o dia a dia de atendimento\u201d? Clique <a href=\"https:\/\/alliviciblog.wordpress.com\/2021\/04\/30\/vida-de-nutricionista-atendimentos\/\">aqui<\/a> para ler!\u00a0<\/strong><\/span><\/p>\n\n\n\n<p><strong>At\u00e9 mais!<\/strong><\/p>\n","protected":false},"excerpt":{"rendered":"<p>Ainda h\u00e1 muita inseguran\u00e7a entre nutricionistas para trabalhar com parcerias, mas isso pode mudar. O que acha de tentar? Ter apoio de quem compartilha dessa vis\u00e3o pode ser essencial para o seu trabalho. Entenda mais sobre esse tema!<\/p>\n","protected":false},"author":9,"featured_media":573,"comment_status":"open","ping_status":"open","sticky":false,"template":"","format":"standard","meta":{"spay_email":""},"categories":[2],"tags":[8,15,16,19,22],"jetpack_featured_media_url":"\/wp-content\/uploads\/2021\/06\/amy-hirschi-uwpo02k55zw-unsplash-e1623866077570.jpg","jetpack-related-posts":[{"id":597,"url":"https:\/\/alliviciblog.azurewebsites.net\/index.php\/2021\/07\/02\/vida-de-nutricionista-autocuidado-profissional\/","url_meta":{"origin":561,"position":0},"title":"Vida de Nutricionista: Autocuidado Profissional","date":"2 de julho de 2021","format":false,"excerpt":"O autocuidado, processo di\u00e1rio de atender \u00e0s suas necessidades, \u00e9 essencial para o nutricionista cuidar do pr\u00f3ximo, do ponto de vista profissional. Entenda melhor como voc\u00ea pode fazer disso a sua prioridade lendo o blog de hoje!","rel":"","context":"Em &quot;Atualidades&quot;","img":{"alt_text":"","src":"https:\/\/alliviciblog.files.wordpress.com\/2021\/07\/img-7424-1.jpg?w=350&h=200&crop=1","width":350,"height":200},"classes":[]},{"id":731,"url":"https:\/\/alliviciblog.azurewebsites.net\/index.php\/2021\/08\/27\/o-que-te-motiva-a-continuar\/","url_meta":{"origin":561,"position":1},"title":"O que te motiva a continuar?","date":"27 de agosto de 2021","format":false,"excerpt":"O nutricionista enfrenta muitas dificuldades profissionais, mas h\u00e1 tantas outras situa\u00e7\u00f5es que podem te motivam a continuar. J\u00e1 pensou em como voc\u00ea pode se surpreender no dia a dia, sendo nutricionista?\u00a0Hoje, em homenagem a profiss\u00e3o, n\u00f3s trouxemos uma hist\u00f3ria para que possamos refletir sobre a mudan\u00e7a de vida que o\u2026","rel":"","context":"Em &quot;Vida de nutricionista&quot;","img":{"alt_text":"","src":"\/wp-content\/uploads\/2021\/08\/brooke-cagle-NoRsyXmHGpI-unsplash-scaled-e1629895296855.jpg","width":350,"height":200},"classes":[]},{"id":888,"url":"https:\/\/alliviciblog.azurewebsites.net\/index.php\/2022\/01\/20\/nutricao-saude-mental-e-janeiro-branco\/","url_meta":{"origin":561,"position":2},"title":"Nutri\u00e7\u00e3o, Sa\u00fade Mental e Janeiro Branco","date":"20 de janeiro de 2022","format":false,"excerpt":"Ao come\u00e7ar mais um ano, muitos refletem sobre o seu papel profissional na nutri\u00e7\u00e3o, tra\u00e7ando novas metas profissionais e buscando aprimoramentos. Tamb\u00e9m h\u00e1 um incentivo coletivo para que todos pensem mais sobre a pr\u00f3pria sa\u00fade, n\u00e3o s\u00f3 f\u00edsica, como tamb\u00e9m mental. Como cuidar mais de si?\u00a0","rel":"","context":"Em &quot;Atualidades&quot;","img":{"alt_text":"","src":"\/wp-content\/uploads\/2022\/01\/pexels-vie-studio-7005332-scaled-e1642598998129.jpg","width":350,"height":200},"classes":[]},{"id":1237,"url":"https:\/\/alliviciblog.azurewebsites.net\/index.php\/2022\/08\/25\/vida-de-nutricionista-motivos-para-continuar\/","url_meta":{"origin":561,"position":3},"title":"Vida de Nutricionista: Motivos para Continuar","date":"25 de agosto de 2022","format":false,"excerpt":"Na pr\u00f3xima semana n\u00f3s celebramos o Dia do Nutricionista (31\/08).\u00a0O nutricionista enfrenta muitas dificuldades profissionais, mas h\u00e1 tantas outras situa\u00e7\u00f5es que podem nos motivar. J\u00e1 pensou em como voc\u00ea pode se surpreender sendo nutricionista? Hoje, em homenagem \u00e0 profiss\u00e3o, n\u00f3s trouxemos a hist\u00f3ria de uma de n\u00f3s para que possa\u2026","rel":"","context":"Em &quot;Atualidades&quot;","img":{"alt_text":"","src":"\/wp-content\/uploads\/2022\/08\/alimentacao-na-infancia-4-e1659381381957.jpg","width":350,"height":200},"classes":[]},{"id":798,"url":"https:\/\/alliviciblog.azurewebsites.net\/index.php\/2021\/10\/07\/vida-de-nutricionista-saude-mental\/","url_meta":{"origin":561,"position":4},"title":"Vida de Nutricionista: Sa\u00fade Mental","date":"7 de outubro de 2021","format":false,"excerpt":"Faz poucas semanas que encerramos o m\u00eas de campanha em preven\u00e7\u00e3o ao suic\u00eddio, Setembro Amarelo, e apesar de ainda estarmos a alguns meses de Janeiro Branco, sa\u00fade mental \u00e9 um assunto a ser falado o ano inteiro, n\u00e3o acha? Saiba quatro formas de cuidar mais de si!","rel":"","context":"Em &quot;Vida de nutricionista&quot;","img":{"alt_text":"","src":"\/wp-content\/uploads\/2021\/08\/brooke-cagle-xcgh5_-QIXc-unsplash-scaled.jpg","width":350,"height":200},"classes":[]},{"id":1243,"url":"https:\/\/alliviciblog.azurewebsites.net\/index.php\/2022\/09\/01\/vida-de-nutricionista-setembro-amarelo\/","url_meta":{"origin":561,"position":5},"title":"A import\u00e2ncia de Setembro Amarelo para o Nutricionista","date":"1 de setembro de 2022","format":false,"excerpt":"No Brasil, aproximadamente 12 mil casos de suic\u00eddio s\u00e3o registrados todos os anos, com quase 97% desses associados a algum transtorno psiqui\u00e1trico. Os profissionais da sa\u00fade podem, e devem, ser os principais capacitados na identifica\u00e7\u00e3o de poss\u00edveis sinais de aten\u00e7\u00e3o. Ent\u00e3o, teria o nutricionista um papel nesse cen\u00e1rio?","rel":"","context":"Em &quot;Atualidades&quot;","img":{"alt_text":"","src":"\/wp-content\/uploads\/2022\/08\/setembro-amarelo-1200x675-1-e1661369381685.jpg","width":350,"height":200},"classes":[]}],"_links":{"self":[{"href":"https:\/\/alliviciblog.azurewebsites.net\/index.php\/wp-json\/wp\/v2\/posts\/561"}],"collection":[{"href":"https:\/\/alliviciblog.azurewebsites.net\/index.php\/wp-json\/wp\/v2\/posts"}],"about":[{"href":"https:\/\/alliviciblog.azurewebsites.net\/index.php\/wp-json\/wp\/v2\/types\/post"}],"author":[{"embeddable":true,"href":"https:\/\/alliviciblog.azurewebsites.net\/index.php\/wp-json\/wp\/v2\/users\/9"}],"replies":[{"embeddable":true,"href":"https:\/\/alliviciblog.azurewebsites.net\/index.php\/wp-json\/wp\/v2\/comments?post=561"}],"version-history":[{"count":0,"href":"https:\/\/alliviciblog.azurewebsites.net\/index.php\/wp-json\/wp\/v2\/posts\/561\/revisions"}],"wp:featuredmedia":[{"embeddable":true,"href":"https:\/\/alliviciblog.azurewebsites.net\/index.php\/wp-json\/wp\/v2\/media\/573"}],"wp:attachment":[{"href":"https:\/\/alliviciblog.azurewebsites.net\/index.php\/wp-json\/wp\/v2\/media?parent=561"}],"wp:term":[{"taxonomy":"category","embeddable":true,"href":"https:\/\/alliviciblog.azurewebsites.net\/index.php\/wp-json\/wp\/v2\/categories?post=561"},{"taxonomy":"post_tag","embeddable":true,"href":"https:\/\/alliviciblog.azurewebsites.net\/index.php\/wp-json\/wp\/v2\/tags?post=561"}],"curies":[{"name":"wp","href":"https:\/\/api.w.org\/{rel}","templated":true}]}}