{"id":551,"date":"2021-06-11T09:00:00","date_gmt":"2021-06-11T12:00:00","guid":{"rendered":"https:\/\/alliviciblog.wordpress.com\/?p=551"},"modified":"2021-06-11T09:00:00","modified_gmt":"2021-06-11T12:00:00","slug":"obesidade-infantil-qual-deve-ser-o-foco","status":"publish","type":"post","link":"https:\/\/alliviciblog.azurewebsites.net\/index.php\/2021\/06\/11\/obesidade-infantil-qual-deve-ser-o-foco\/","title":{"rendered":"Obesidade infantil, qual deve ser o foco?"},"content":{"rendered":"\n<p>Na \u00faltima quinta-feira (03\/06) foi o Dia da Conscientiza\u00e7\u00e3o Contra a Obesidade M\u00f3rbida Infantil. Quando falamos sobre <strong>obesidade<\/strong> \u00e9 essencial ressaltar que \u00e9 uma condi\u00e7\u00e3o de sa\u00fade cr\u00f4nica e de etiologia multifatorial, pois a mesma comumente \u00e9 <strong>estigmatizada<\/strong>. J\u00e1 trouxemos um blog falando sobre isso, leia<strong> <a href=\"https:\/\/alliviciblog.wordpress.com\/2021\/03\/05\/dia-mundial-da-obesidade\/\">aqui<\/a><\/strong>!\u00a0<\/p>\n\n\n\n<p><strong>Na obesidade infantil o estigma n\u00e3o est\u00e1 fora de pauta.<\/strong> O tratamento deve ser realizado com acompanhamento psicoter\u00e1pico, apoio parental e considera\u00e7\u00e3o dos riscos de desenvolvimento de transtornos alimentares.\u00a0<\/p>\n\n\n\n<p>Qual deve ser o <strong>foco terap\u00eautico<\/strong> na inf\u00e2ncia? <strong>Preven\u00e7\u00e3o<\/strong>. Uma revis\u00e3o sistem\u00e1tica das <em>guidelines<\/em> para obesidade infantil em pa\u00edses desenvolvidos avaliou as estrat\u00e9gias vigentes no contexto educacional e de cuidado infantil. Confira a <strong>tradu\u00e7\u00e3o<\/strong> <strong>e adapta\u00e7\u00e3o <\/strong>do artigo!\u00a0<\/p>\n\n\n\n<p><strong>Introdu\u00e7\u00e3o<\/strong><\/p>\n\n\n\n<p>A estimativa \u00e9 que em 2025 a obesidade e sobrepeso infantil impacte mais de <strong>70 milh\u00f5es<\/strong> de crian\u00e7as. Estrat\u00e9gias que promovam mudan\u00e7as alimentares e a pr\u00e1tica de atividade f\u00edsica s\u00e3o consideradas chaves para a sa\u00fade p\u00fablica, mas para que ocorram \u00e9 indispens\u00e1vel que a <strong>aten\u00e7\u00e3o <\/strong>seja voltada para os fatores ambientais, econ\u00f4micos, pol\u00edticos e socioculturais. <\/p>\n\n\n\n<p><strong>M\u00e9todos<\/strong><\/p>\n\n\n\n<p>As recomenda\u00e7\u00f5es e <em>guidelines<\/em> selecionadas foram apenas dos pa\u00edses participantes da Organiza\u00e7\u00e3o para a Coopera\u00e7\u00e3o e Desenvolvimento Econ\u00f4mico (OECD), al\u00e9m de artigos cient\u00edficos com publica\u00e7\u00e3o nacional entre 1999 a 2020.<\/p>\n\n\n\n<p><strong>Resultados e Discuss\u00e3o<\/strong><\/p>\n\n\n\n<p>Entre os resultados encontrados, 38 documentos foram selecionados dos pa\u00edses a seguir citados: Estados Unidos, Austr\u00e1lia, Inglaterra, Nova Zel\u00e2ndia, Canad\u00e1 e Irlanda.\u00a0Todas inclu\u00edam recomenda\u00e7\u00f5es quanto ao consumo alimentar, pr\u00e1tica de atividade f\u00edsica, qualidade do sono e tempo de exposi\u00e7\u00e3o \u00e0s telas.<\/p>\n\n\n\n<p><em>Recomenda\u00e7\u00f5es diet\u00e9ticas<\/em><\/p>\n\n\n\n<ul><li>Oferta de refei\u00e7\u00f5es alinhadas com as orienta\u00e7\u00f5es nutricionais vigentes;<\/li><li>Atendimento ao porcionamento e composi\u00e7\u00e3o das refei\u00e7\u00f5es;<\/li><li>Aten\u00e7\u00e3o e import\u00e2ncia para as pr\u00e1ticas educativas alimentares;<\/li><li>Limite para o consumo de bebidas a\u00e7ucaradas, alimentos cal\u00f3ricos e ultraprocessados;\u00a0<\/li><\/ul>\n\n\n\n<p>Tamb\u00e9m orientaram, em menor frequ\u00eancia:<\/p>\n\n\n\n<ul><li>n\u00e3o usar comida como puni\u00e7\u00e3o, recompensa ou suborno;&nbsp;<\/li><li>promover um ambiente adequado e sem distra\u00e7\u00f5es;<\/li><li>envolver a crian\u00e7a no preparo e escolha dos alimentos.&nbsp;<\/li><\/ul>\n\n\n\n<p>No entanto, <strong>nem todas <\/strong>abordaram a import\u00e2ncia desses \u00faltimos tr\u00eas fatores no momento das refei\u00e7\u00f5es e poucas refor\u00e7aram a import\u00e2ncia da participa\u00e7\u00e3o parental.<\/p>\n\n\n\n<p><strong>Conclus\u00e3o&nbsp;<\/strong><\/p>\n\n\n\n<p>Uma revis\u00e3o das recomenda\u00e7\u00f5es em pa\u00edses desenvolvidos, os quais promovem educa\u00e7\u00e3o e cuidado infantil de alta qualidade, propicia base para ajustes em pr\u00e1ticas preventivas vigentes e pode influenciar o desenvolvimento de futuras <em>guidelines<\/em> em outros pa\u00edses.<\/p>\n\n\n\n<p>Para acesso ao artigo na \u00edntegra acesse esse <a href=\"https:\/\/pubmed.ncbi.nlm.nih.gov\/33478165\/\">link<\/a> \ud83d\ude42<\/p>\n\n\n\n<p><strong>Boa leitura, at\u00e9 mais!<\/strong><\/p>\n\n\n\n<p><em>Nota do autor: apenas seis dos vinte pa\u00edses inclu\u00eddos na OECD possu\u00edam guidelines voltadas para a preven\u00e7\u00e3o da obesidade infantil. O desenvolvimento econ\u00f4mico e acesso \u00e0 servi\u00e7os de qualidade s\u00e3o essenciais, mas ser\u00e1 que apenas o n\u00edvel de desenvolvimento de um pa\u00eds \u00e9 determinante para priorizar a sa\u00fade da popula\u00e7\u00e3o?<\/em><\/p>\n","protected":false},"excerpt":{"rendered":"<p>Na \u00faltima quinta-feira (03\/06) foi o Dia da Conscientiza\u00e7\u00e3o Contra a Obesidade M\u00f3rbida Infantil. Uma revis\u00e3o sistem\u00e1tica das guidelines para obesidade infantil em pa\u00edses desenvolvidos avaliou como estrat\u00e9gias de preven\u00e7\u00e3o s\u00e3o inseridas dentro do contexto educacional e de cuidado infantil. Confira a tradu\u00e7\u00e3o e adapta\u00e7\u00e3o do artigo na \u00edntegra!<\/p>\n","protected":false},"author":9,"featured_media":558,"comment_status":"open","ping_status":"open","sticky":false,"template":"","format":"standard","meta":{"spay_email":""},"categories":[2],"tags":[9,10,12,13,15,16,17,18,21],"jetpack_featured_media_url":"\/wp-content\/uploads\/2021\/06\/blog-e1623271206270.jpg","jetpack-related-posts":[{"id":323,"url":"https:\/\/alliviciblog.azurewebsites.net\/index.php\/2021\/03\/05\/dia-mundial-da-obesidade\/","url_meta":{"origin":551,"position":0},"title":"Dia Mundial da Obesidade","date":"5 de mar\u00e7o de 2021","format":false,"excerpt":"Dia 04\/03 \u00e9 o Dia Mundial da Obesidade e o blog de hoje \u00e9 sobre o papel da escuta do nutricionista nessa condi\u00e7\u00e3o multifatorial de sa\u00fade, a qual ainda \u00e9 mal compreendida por muitos!","rel":"","context":"Em &quot;Atualidades&quot;","img":{"alt_text":"","src":"\/wp-content\/uploads\/2021\/03\/obesidade-e1637844630457.jpg","width":350,"height":200},"classes":[]},{"id":948,"url":"https:\/\/alliviciblog.azurewebsites.net\/index.php\/2022\/03\/03\/a-linguagem-importa-uma-abordagem-diante-das-condicoes-cronicas-de-saude\/","url_meta":{"origin":551,"position":1},"title":"A linguagem importa: uma abordagem diante das condi\u00e7\u00f5es cr\u00f4nicas de sa\u00fade","date":"3 de mar\u00e7o de 2022","format":false,"excerpt":"Comunica\u00e7\u00e3o n\u00e3o \u00e9 apenas sobre palavras, a entona\u00e7\u00e3o, os olhares e a gesticula\u00e7\u00e3o falam muito por si s\u00f3. Na \u00e1rea da sa\u00fade, mudan\u00e7as v\u00eam sendo propostas visando melhorar a rela\u00e7\u00e3o entre o profissional e a pessoa atendida, transmitindo maior acolhimento, v\u00ednculo e cuidado. Um documento recente, elaborado por especialistas, abordou\u2026","rel":"","context":"Em &quot;Atualidades&quot;","img":{"alt_text":"","src":"\/wp-content\/uploads\/2022\/03\/Comunicacao-assertiva-A-caracteristica-dos-grandes-lideres-1-e1646332157545.jpg","width":350,"height":200},"classes":[]},{"id":2834,"url":"https:\/\/alliviciblog.azurewebsites.net\/index.php\/2026\/04\/30\/artigo-cientifico-risco-de-deficiencias-nutricionais-com-uso-de-glp-1-para-obesidade\/","url_meta":{"origin":551,"position":2},"title":"Artigo Cient\u00edfico: Risco de defici\u00eancias nutricionais com uso de GLP-1 para obesidade","date":"30 de abril de 2026","format":false,"excerpt":"As terapias com GLP-1 representam um avan\u00e7o no tratamento da obesidade, promovendo uma perda de peso consistente e clinicamente significativa. No entanto, o tratamento est\u00e1 associado a um risco aumentado de inadequa\u00e7\u00f5es e defici\u00eancias nutricionais. Confira mais sobre esse tema!","rel":"","context":"Em &quot;Atualidades&quot;","img":{"alt_text":"","src":"\/wp-content\/uploads\/2026\/04\/Capas-Blog-2-e1777257389432.png","width":350,"height":200},"classes":[]},{"id":1299,"url":"https:\/\/alliviciblog.azurewebsites.net\/index.php\/2022\/10\/27\/cuidado-nutricional-e-prevencao-no-cancer\/","url_meta":{"origin":551,"position":3},"title":"Cuidado Nutricional: Preven\u00e7\u00e3o no C\u00e2ncer","date":"27 de outubro de 2022","format":false,"excerpt":"O c\u00e2ncer de mama lidera a posi\u00e7\u00e3o de mortalidade entre as mulheres e apresenta um risco estimado de 61,61 casos novos a cada 100 mil mulheres. A manuten\u00e7\u00e3o de h\u00e1bitos saud\u00e1veis poderia auxiliar na preven\u00e7\u00e3o de at\u00e9 30% dos casos. Entre os fatores preventivos a nutri\u00e7\u00e3o exerce um grande papel.\u2026","rel":"","context":"Em &quot;Atualidades&quot;","img":{"alt_text":"","src":"\/wp-content\/uploads\/2022\/10\/pexels-cottonbro-4684178-scaled.jpg","width":350,"height":200},"classes":[]},{"id":2070,"url":"https:\/\/alliviciblog.azurewebsites.net\/index.php\/2024\/09\/17\/artigo-cientifico-efeito-do-uso-de-canela-na-resposta-glicemica-de-adultos-em-pre-diabetes\/","url_meta":{"origin":551,"position":4},"title":"Artigo Cient\u00edfico: Efeito do uso de canela na resposta glic\u00eamica de adultos em pr\u00e9-diabetes","date":"17 de setembro de 2024","format":false,"excerpt":"Pr\u00e9-diabetes \u00e9 uma situa\u00e7\u00e3o que, em alguns casos, ainda pode ser revertida. J\u00e1 em outros, tamb\u00e9m com o tratamento, \u00e9 poss\u00edvel reduzir a evolu\u00e7\u00e3o do diabetes e as suas complica\u00e7\u00f5es. Por isso, tantos estudos investigam estrat\u00e9gias para pacientes com pr\u00e9-diabetes. Confira no texto de hoje um estudo que analisou o\u2026","rel":"","context":"Em &quot;Atualidades&quot;","img":{"alt_text":"","src":"\/wp-content\/uploads\/2024\/09\/Capas-Blog-e1725828564431.png","width":350,"height":200},"classes":[]},{"id":79,"url":"https:\/\/alliviciblog.azurewebsites.net\/index.php\/2019\/07\/01\/desidratacao-no-exercicio-fisico\/","url_meta":{"origin":551,"position":5},"title":"GH e o SONO: uma rela\u00e7\u00e3o VALIOSA no seu desempenho","date":"1 de julho de 2019","format":false,"excerpt":"O sono \u00e9 extremamente importante para o desempenho, o aprendizado, o desenvolvimento e a sa\u00fade f\u00edsica e mental. \u201cO sono \u00e9 t\u00e3o importante para a sa\u00fade quando uma dieta e exerc\u00edcios.\u201d (Carl Hunt, MD, director of the National Center on Sleep Disorders Research at the NIH\u201d) Precisamos dormir bem para\u2026","rel":"","context":"Em &quot;Crossfit&quot;","img":{"alt_text":"","src":"\/wp-content\/uploads\/2019\/07\/gh-e-sono-blog-allivici.png","width":350,"height":200},"classes":[]}],"_links":{"self":[{"href":"https:\/\/alliviciblog.azurewebsites.net\/index.php\/wp-json\/wp\/v2\/posts\/551"}],"collection":[{"href":"https:\/\/alliviciblog.azurewebsites.net\/index.php\/wp-json\/wp\/v2\/posts"}],"about":[{"href":"https:\/\/alliviciblog.azurewebsites.net\/index.php\/wp-json\/wp\/v2\/types\/post"}],"author":[{"embeddable":true,"href":"https:\/\/alliviciblog.azurewebsites.net\/index.php\/wp-json\/wp\/v2\/users\/9"}],"replies":[{"embeddable":true,"href":"https:\/\/alliviciblog.azurewebsites.net\/index.php\/wp-json\/wp\/v2\/comments?post=551"}],"version-history":[{"count":0,"href":"https:\/\/alliviciblog.azurewebsites.net\/index.php\/wp-json\/wp\/v2\/posts\/551\/revisions"}],"wp:featuredmedia":[{"embeddable":true,"href":"https:\/\/alliviciblog.azurewebsites.net\/index.php\/wp-json\/wp\/v2\/media\/558"}],"wp:attachment":[{"href":"https:\/\/alliviciblog.azurewebsites.net\/index.php\/wp-json\/wp\/v2\/media?parent=551"}],"wp:term":[{"taxonomy":"category","embeddable":true,"href":"https:\/\/alliviciblog.azurewebsites.net\/index.php\/wp-json\/wp\/v2\/categories?post=551"},{"taxonomy":"post_tag","embeddable":true,"href":"https:\/\/alliviciblog.azurewebsites.net\/index.php\/wp-json\/wp\/v2\/tags?post=551"}],"curies":[{"name":"wp","href":"https:\/\/api.w.org\/{rel}","templated":true}]}}