{"id":323,"date":"2021-03-05T12:15:59","date_gmt":"2021-03-05T15:15:59","guid":{"rendered":"https:\/\/alliviciblog.wordpress.com\/?p=323"},"modified":"2021-03-05T12:15:59","modified_gmt":"2021-03-05T15:15:59","slug":"dia-mundial-da-obesidade","status":"publish","type":"post","link":"https:\/\/alliviciblog.azurewebsites.net\/index.php\/2021\/03\/05\/dia-mundial-da-obesidade\/","title":{"rendered":"Dia Mundial da Obesidade"},"content":{"rendered":"\n<p><strong>Ontem, dia 04\/03, foi o <a href=\"https:\/\/pt.worldobesityday.org\/\">Dia Mundial da Obesidade<\/a>.&nbsp;<\/strong><\/p>\n\n\n\n<p>A data surgiu com o objetivo de<strong> conceder maior aten\u00e7\u00e3o<\/strong> para essa condi\u00e7\u00e3o multifatorial de sa\u00fade que s\u00f3 no Brasil atinge 19,8% da popula\u00e7\u00e3o (<a href=\"https:\/\/portalarquivos2.saude.gov.br\/images\/pdf\/2019\/julho\/25\/vigitel-brasil-2018.pdf\">1<\/a>). Muito progresso tem sido alcan\u00e7ado nos \u00faltimos anos, mas a verdade \u00e9 que essa condi\u00e7\u00e3o ainda \u00e9 recente para a humanidade e<strong> estudada h\u00e1 menos de 100 anos<\/strong>. Al\u00e9m disso, \u00e9 mal compreendida por muitos, afetando o pr\u00f3prio desenvolvimento e tratamento da obesidade.<\/p>\n\n\n\n<p>\u00c9 notoriamente conhecido que o aumento do consumo de alimentos ultraprocessados e do sedentarismo podem aumentar o risco para obesidade. No entanto, <strong>seria apenas isso? <\/strong>Todos que se alimentam dessa forma, ou n\u00e3o praticam exerc\u00edcios f\u00edsicos, desenvolvem obesidade? Por que muitos tratamentos focam apenas nesses aspectos?&nbsp;<\/p>\n\n\n\n<p>Em 2020, duas publica\u00e7\u00f5es na <em>Nature Medicine<\/em> e<em> The Lancet<\/em>&nbsp; refutaram essa vis\u00e3o simplista sobre a obesidade e trouxeram temas essenciais a serem reconhecidos e discutidos. Destacamos <strong>cinco pontos<\/strong>, entre tantos significativos:<\/p>\n\n\n\n<ul><li>Obesidade n\u00e3o \u00e9 uma condi\u00e7\u00e3o existente por pregui\u00e7a, falta de for\u00e7a de vontade, ou causada voluntariamente por comer em excesso e n\u00e3o se exercitar; assim como n\u00e3o \u00e9 revers\u00edvel apenas ao \u201ccomer menos e se exercitar mais\u201d. (<a href=\"https:\/\/www.nature.com\/articles\/s41591-020-0803-x\">2<\/a>,<a href=\"https:\/\/www.thelancet.com\/journals\/landia\/article\/PIIS2213-8587(20)30102-9\/fulltext\">3<\/a>);&nbsp;<\/li><\/ul>\n\n\n\n<ul><li>O atual diagn\u00f3stico para obesidade, apenas baseado no IMC, precisa ser reconsiderado, sendo necess\u00e1rio que mais sinais e sintomas sejam avaliados, como comorbidades associadas e redu\u00e7\u00e3o da qualidade de vida (<a href=\"https:\/\/www.nature.com\/articles\/s41591-020-0803-x\">2<\/a>);&nbsp;<\/li><\/ul>\n\n\n\n<ul><li>Reconhecer que nem todos os caminhos que levam \u00e0 perda de peso corporal sempre funcionam, para todos, \u00e9 muito importante; a pr\u00f3pria manuten\u00e7\u00e3o do peso j\u00e1 pode ser considerada um resultado positivo durante o tratamento (<a href=\"https:\/\/www.thelancet.com\/journals\/landia\/article\/PIIS2213-8587(20)30102-9\/fulltext\">3<\/a>);<\/li><\/ul>\n\n\n\n<ul><li>Profissionais de sa\u00fade passam menos tempo atendendo indiv\u00edduos com obesidade e muitos pacientes declaram sofrer preconceitos em ambientes m\u00e9dicos ou de cuidado \u00e0 sa\u00fade (<a href=\"https:\/\/www.nature.com\/articles\/s41591-020-0803-x\">2<\/a>);&nbsp;<\/li><\/ul>\n\n\n\n<ul><li>\u00c9 importante se atentar para a linguagem utilizada, sem generaliza\u00e7\u00f5es ou termos com conota\u00e7\u00f5es negativas. Assim como o ambiente em que o paciente \u00e9 acolhido, cadeiras com apoios laterais limitam o acesso f\u00edsico e equipamentos com capacidade superior a 150kg devem estar dispon\u00edveis (<a href=\"https:\/\/www.thelancet.com\/journals\/landia\/article\/PIIS2213-8587(20)30102-9\/fulltext\">3<\/a>);<\/li><\/ul>\n\n\n\n<p>Al\u00e9m dessas publica\u00e7\u00f5es, o <strong>Canad\u00e1 lan\u00e7ou um novo <em>guideline<\/em><\/strong>, tamb\u00e9m abordando essas quest\u00f5es<em>.<\/em> O mesmo traz pontos interessant\u00edssimos, como o papel da sa\u00fade mental, a redu\u00e7\u00e3o de estigma do peso e como interven\u00e7\u00f5es comportamentais podem impactar no manejo da obesidade. <strong>Para acessar todos os cap\u00edtulos clique <a href=\"https:\/\/obesitycanada.ca\/guidelines\/chapters\/\">aqui<\/a>!\u00a0<\/strong><\/p>\n\n\n\n<p><strong><span style=\"color:#0c8384;\" class=\"has-inline-color\">A obesidade deve ser discutida de forma multidisciplinar<\/span><\/strong><span style=\"color:#007ea3;\" class=\"has-inline-color\"><strong> <\/strong><\/span>e a conduta de tratamento reconsiderada, n\u00e3o sendo t\u00e3o somente focada no peso corporal. Mais do que nunca sabemos que aspectos gen\u00e9ticos,\u00a0biol\u00f3gicos, psicol\u00f3gicos, ambientais, sociais, comportamentais, culturais e econ\u00f4micos devem ser considerados na conduta terap\u00eautica, pois exercem important\u00edssimo impacto na sa\u00fade.\u00a0<\/p>\n\n\n\n<p>Para mais, \u00e9 necess\u00e1rio falar sobre gordofobia e todo estigma acerca do peso corporal, muitas vezes existente entre os pr\u00f3prios profissionais de sa\u00fade. Diversos <strong>movimentos precisam ser reconhecidos<\/strong>, pois somente aqueles que vivem com obesidade sabem e sentem como isso os afeta. Sendo a <strong>escuta uma premissa <\/strong>fundamental do cuidado, mais aten\u00e7\u00e3o ao paciente de forma integral deveria ser concedida (<a href=\"https:\/\/www.cfn.org.br\/wp-content\/uploads\/2020\/10\/NOTA-GORDOFOBIA.pdf\">4<\/a>).&nbsp;<\/p>\n\n\n\n<p>Com o objetivo de promover menos estigma, mais consci\u00eancia e acolhimento \u00e0 tem\u00e1tica, o <a href=\"http:\/\/www.obesidadebrasil.ong.br\/\">Instituto Obesidade Brasil<\/a> ir\u00e1 realizar um <strong><span style=\"color:#0c8384;\" class=\"has-inline-color\">evento online e gratuito amanh\u00e3, dia 06\/03<\/span><\/strong>. \u00c9 muito importante se manter atualizado, principalmente sendo nutricionistas, pois somos muito buscados para auxiliar no manejo da obesidade. <strong>Para se inscrever e participar \u00e9 s\u00f3 acessar esse <a href=\"https:\/\/www.diainternacionaldaobesidade.com\/\">link<\/a>!\u00a0<\/strong><\/p>\n\n\n\n<p><strong>At\u00e9 mais!<\/strong><\/p>\n\n\n\n<p><strong>REFER\u00caNCIAS<\/strong><\/p>\n\n\n\n<ol><li>BRASIL. Vigitel Brasil 2018: <strong>vigil\u00e2ncia de fatores de risco e prote\u00e7\u00e3o para doen\u00e7as cr\u00f4nicas por inqu\u00e9rito telef\u00f4nico.<\/strong> Minist\u00e9rio da Sa\u00fade, Bras\u00edlia, 2019.<\/li><li>RUBINO et al. Join international consensus statement for ending stigma of obesity. <strong>Nature Medicine<\/strong>, v. 26, p. 485-497, 2020.&nbsp;<\/li><li>ALBURY et al. The importance of language in engagement between health-care professionals and people living with obesity: a joint consensus statement. <strong>Lancet Diabetes Endocrinol<\/strong>, v. 8, p. 447-455, 2020.&nbsp;<\/li><li>BRASIL. Conselho Federal de Nutricionistas. Nota: <strong>um convite \u00e0 reflex\u00e3o sobre o movimento contra a gordofobia e o fen\u00f4meno da obesidade<\/strong>. Bras\u00edlia, 2020.<\/li><\/ol>\n\n\n\n<p><\/p>\n","protected":false},"excerpt":{"rendered":"<p>Dia 04\/03 \u00e9 o Dia Mundial da Obesidade e o blog de hoje \u00e9 sobre o papel da escuta do nutricionista nessa condi\u00e7\u00e3o multifatorial de sa\u00fade, a qual ainda \u00e9 mal compreendida por muitos!<\/p>\n","protected":false},"author":9,"featured_media":339,"comment_status":"open","ping_status":"open","sticky":false,"template":"","format":"standard","meta":{"spay_email":""},"categories":[2],"tags":[15,16,17,115],"jetpack_featured_media_url":"\/wp-content\/uploads\/2021\/03\/obesidade-e1637844630457.jpg","jetpack-related-posts":[{"id":551,"url":"https:\/\/alliviciblog.azurewebsites.net\/index.php\/2021\/06\/11\/obesidade-infantil-qual-deve-ser-o-foco\/","url_meta":{"origin":323,"position":0},"title":"Obesidade infantil, qual deve ser o foco?","date":"11 de junho de 2021","format":false,"excerpt":"Na \u00faltima quinta-feira (03\/06) foi o Dia da Conscientiza\u00e7\u00e3o Contra a Obesidade M\u00f3rbida Infantil. Uma revis\u00e3o sistem\u00e1tica das guidelines para obesidade infantil em pa\u00edses desenvolvidos avaliou como estrat\u00e9gias de preven\u00e7\u00e3o s\u00e3o inseridas dentro do contexto educacional e de cuidado infantil. Confira a tradu\u00e7\u00e3o e adapta\u00e7\u00e3o do artigo na \u00edntegra!","rel":"","context":"Em &quot;Atualidades&quot;","img":{"alt_text":"","src":"\/wp-content\/uploads\/2021\/06\/blog-e1623271206270.jpg","width":350,"height":200},"classes":[]},{"id":948,"url":"https:\/\/alliviciblog.azurewebsites.net\/index.php\/2022\/03\/03\/a-linguagem-importa-uma-abordagem-diante-das-condicoes-cronicas-de-saude\/","url_meta":{"origin":323,"position":1},"title":"A linguagem importa: uma abordagem diante das condi\u00e7\u00f5es cr\u00f4nicas de sa\u00fade","date":"3 de mar\u00e7o de 2022","format":false,"excerpt":"Comunica\u00e7\u00e3o n\u00e3o \u00e9 apenas sobre palavras, a entona\u00e7\u00e3o, os olhares e a gesticula\u00e7\u00e3o falam muito por si s\u00f3. Na \u00e1rea da sa\u00fade, mudan\u00e7as v\u00eam sendo propostas visando melhorar a rela\u00e7\u00e3o entre o profissional e a pessoa atendida, transmitindo maior acolhimento, v\u00ednculo e cuidado. Um documento recente, elaborado por especialistas, abordou\u2026","rel":"","context":"Em &quot;Atualidades&quot;","img":{"alt_text":"","src":"\/wp-content\/uploads\/2022\/03\/Comunicacao-assertiva-A-caracteristica-dos-grandes-lideres-1-e1646332157545.jpg","width":350,"height":200},"classes":[]},{"id":2834,"url":"https:\/\/alliviciblog.azurewebsites.net\/index.php\/2026\/04\/30\/artigo-cientifico-risco-de-deficiencias-nutricionais-com-uso-de-glp-1-para-obesidade\/","url_meta":{"origin":323,"position":2},"title":"Artigo Cient\u00edfico: Risco de defici\u00eancias nutricionais com uso de GLP-1 para obesidade","date":"30 de abril de 2026","format":false,"excerpt":"As terapias com GLP-1 representam um avan\u00e7o no tratamento da obesidade, promovendo uma perda de peso consistente e clinicamente significativa. No entanto, o tratamento est\u00e1 associado a um risco aumentado de inadequa\u00e7\u00f5es e defici\u00eancias nutricionais. Confira mais sobre esse tema!","rel":"","context":"Em &quot;Atualidades&quot;","img":{"alt_text":"","src":"\/wp-content\/uploads\/2026\/04\/Capas-Blog-2-e1777257389432.png","width":350,"height":200},"classes":[]},{"id":79,"url":"https:\/\/alliviciblog.azurewebsites.net\/index.php\/2019\/07\/01\/desidratacao-no-exercicio-fisico\/","url_meta":{"origin":323,"position":3},"title":"GH e o SONO: uma rela\u00e7\u00e3o VALIOSA no seu desempenho","date":"1 de julho de 2019","format":false,"excerpt":"O sono \u00e9 extremamente importante para o desempenho, o aprendizado, o desenvolvimento e a sa\u00fade f\u00edsica e mental. \u201cO sono \u00e9 t\u00e3o importante para a sa\u00fade quando uma dieta e exerc\u00edcios.\u201d (Carl Hunt, MD, director of the National Center on Sleep Disorders Research at the NIH\u201d) Precisamos dormir bem para\u2026","rel":"","context":"Em &quot;Crossfit&quot;","img":{"alt_text":"","src":"\/wp-content\/uploads\/2019\/07\/gh-e-sono-blog-allivici.png","width":350,"height":200},"classes":[]},{"id":1299,"url":"https:\/\/alliviciblog.azurewebsites.net\/index.php\/2022\/10\/27\/cuidado-nutricional-e-prevencao-no-cancer\/","url_meta":{"origin":323,"position":4},"title":"Cuidado Nutricional: Preven\u00e7\u00e3o no C\u00e2ncer","date":"27 de outubro de 2022","format":false,"excerpt":"O c\u00e2ncer de mama lidera a posi\u00e7\u00e3o de mortalidade entre as mulheres e apresenta um risco estimado de 61,61 casos novos a cada 100 mil mulheres. A manuten\u00e7\u00e3o de h\u00e1bitos saud\u00e1veis poderia auxiliar na preven\u00e7\u00e3o de at\u00e9 30% dos casos. Entre os fatores preventivos a nutri\u00e7\u00e3o exerce um grande papel.\u2026","rel":"","context":"Em &quot;Atualidades&quot;","img":{"alt_text":"","src":"\/wp-content\/uploads\/2022\/10\/pexels-cottonbro-4684178-scaled.jpg","width":350,"height":200},"classes":[]},{"id":2381,"url":"https:\/\/alliviciblog.azurewebsites.net\/index.php\/2025\/04\/22\/dia-nacional-do-cacau\/","url_meta":{"origin":323,"position":5},"title":"Dia Nacional do Cacau","date":"22 de abril de 2025","format":false,"excerpt":"Apesar do cacau ser muito conhecido por um de seus produtos derivados, o chocolate, poucas pessoas conhecem sobre a produ\u00e7\u00e3o e benef\u00edcios nutricionais desse fruto. O que o nutricionista precisa saber para orientar o seu consumo de cacau e chocolate?","rel":"","context":"Em &quot;Atualidades&quot;","img":{"alt_text":"","src":"\/wp-content\/uploads\/2025\/04\/Capas-Blog-4-e1744222786490.png","width":350,"height":200},"classes":[]}],"_links":{"self":[{"href":"https:\/\/alliviciblog.azurewebsites.net\/index.php\/wp-json\/wp\/v2\/posts\/323"}],"collection":[{"href":"https:\/\/alliviciblog.azurewebsites.net\/index.php\/wp-json\/wp\/v2\/posts"}],"about":[{"href":"https:\/\/alliviciblog.azurewebsites.net\/index.php\/wp-json\/wp\/v2\/types\/post"}],"author":[{"embeddable":true,"href":"https:\/\/alliviciblog.azurewebsites.net\/index.php\/wp-json\/wp\/v2\/users\/9"}],"replies":[{"embeddable":true,"href":"https:\/\/alliviciblog.azurewebsites.net\/index.php\/wp-json\/wp\/v2\/comments?post=323"}],"version-history":[{"count":0,"href":"https:\/\/alliviciblog.azurewebsites.net\/index.php\/wp-json\/wp\/v2\/posts\/323\/revisions"}],"wp:featuredmedia":[{"embeddable":true,"href":"https:\/\/alliviciblog.azurewebsites.net\/index.php\/wp-json\/wp\/v2\/media\/339"}],"wp:attachment":[{"href":"https:\/\/alliviciblog.azurewebsites.net\/index.php\/wp-json\/wp\/v2\/media?parent=323"}],"wp:term":[{"taxonomy":"category","embeddable":true,"href":"https:\/\/alliviciblog.azurewebsites.net\/index.php\/wp-json\/wp\/v2\/categories?post=323"},{"taxonomy":"post_tag","embeddable":true,"href":"https:\/\/alliviciblog.azurewebsites.net\/index.php\/wp-json\/wp\/v2\/tags?post=323"}],"curies":[{"name":"wp","href":"https:\/\/api.w.org\/{rel}","templated":true}]}}