{"id":2826,"date":"2026-03-24T14:00:00","date_gmt":"2026-03-24T17:00:00","guid":{"rendered":"https:\/\/alliviciblog.azurewebsites.net\/?p=2826"},"modified":"2026-04-26T20:28:31","modified_gmt":"2026-04-26T23:28:31","slug":"abril-azul-qual-e-o-papel-do-nutricionista","status":"publish","type":"post","link":"https:\/\/alliviciblog.azurewebsites.net\/index.php\/2026\/03\/24\/abril-azul-qual-e-o-papel-do-nutricionista\/","title":{"rendered":"Abril Azul: Qual \u00e9 o papel do nutricionista?"},"content":{"rendered":"\n<p>A campanha <strong>Abril Azul<\/strong> visa conceder mais aten\u00e7\u00e3o ao Transtorno do Espectro Autista (TEA), conhecido tamb\u00e9m como autismo. Por essa condi\u00e7\u00e3o atingir v\u00e1rias \u00e1reas da vida, a abordagem terap\u00eautica deve ser<strong> <\/strong>multiprofissional. Desde 2012 h\u00e1 direito estabelecido por lei para aten\u00e7\u00e3o<strong> nutricional adequada<\/strong>, assim como acesso \u00e0 terapia nutricional (<a rel=\"noreferrer noopener\" href=\"https:\/\/www.canalautismo.com.br\" data-type=\"URL\" data-id=\"https:\/\/www.canalautismo.com.br\" target=\"_blank\">1<\/a>, <a rel=\"noreferrer noopener\" href=\"https:\/\/www.planalto.gov.br\/ccivil_03\/_ato2011-2014\/2012\/lei\/l12764.htm\" data-type=\"URL\" data-id=\"https:\/\/www.planalto.gov.br\/ccivil_03\/_ato2011-2014\/2012\/lei\/l12764.htm\" target=\"_blank\">2<\/a>). <\/p>\n\n\n\n<p>No\u00a0<strong>transtorno do espectro autista<\/strong>\u00a0(TEA) h\u00e1 altera\u00e7\u00f5es do desenvolvimento neurol\u00f3gico. N\u00e3o h\u00e1 caracter\u00edsticas f\u00edsicas ou comportamentais \u00fanicas, e sim uma\u00a0<strong>s\u00e9rie de condi\u00e7\u00f5es<\/strong>\u00a0at\u00edpicas em cada caso, por isso o diagn\u00f3stico e tratamento podem ser t\u00e3o complexos (<a rel=\"noreferrer noopener\" href=\"https:\/\/www.paho.org\/pt\/topicos\/transtorno-do-espectro-autista\" target=\"_blank\">3<\/a>). <\/p>\n\n\n\n<p>Em casos de TEA existem <strong>altera\u00e7\u00f5es<\/strong> no consumo alimentar, incluindo seletividade alimentar e risco de defici\u00eancias de micronutrientes.\u00a0Dessa forma, a an\u00e1lise do <strong>estado<\/strong> <strong>nutricional<\/strong> \u00e9 essencial para o tratamento, pois tamb\u00e9m <strong>impacta<\/strong> no funcionamento neurol\u00f3gico. <\/p>\n\n\n\n<p>Uma meta-an\u00e1lise recente, que incluiu 32 estudos e mais de 18 mil participantes, demonstrou que essa popula\u00e7\u00e3o apresenta <strong>menor<\/strong> <strong>ingest\u00e3o<\/strong> de prote\u00ednas, c\u00e1lcio, vitaminas lipossol\u00faveis (como A, D e K) e hidrossol\u00faveis (como folato, tiamina, riboflavina e niacina). <\/p>\n\n\n\n<p>Tamb\u00e9m foi observado que crian\u00e7as com TEA tendem a apresentar <strong>menor<\/strong> <strong>estatura<\/strong> <strong>em<\/strong> <strong>compara\u00e7\u00e3o<\/strong> com crian\u00e7as com desenvolvimento t\u00edpico, possivelmente relacionada a inadequa\u00e7\u00f5es nutricionais. Esses achados <strong>refor\u00e7am<\/strong> a relev\u00e2ncia da avalia\u00e7\u00e3o nutricional precoce e cont\u00ednua nessa popula\u00e7\u00e3o (<a rel=\"noreferrer noopener\" href=\"https:\/\/pubmed.ncbi.nlm.nih.gov\/40708203\/\" data-type=\"URL\" data-id=\"https:\/\/pubmed.ncbi.nlm.nih.gov\/40708203\/\" target=\"_blank\">8<\/a>). <\/p>\n\n\n\n<p><strong>Quais os principais pontos de aten\u00e7\u00e3o nutricional?<\/strong><\/p>\n\n\n\n<ol><li><strong>Alimenta\u00e7\u00e3o seletiva<\/strong>: \u00e9 comum ocorrer avers\u00e3o a certos alimentos, ou restri\u00e7\u00f5es por intoler\u00e2ncia\/alergia, ocasionando no baixo consumo de fibras, \u00f4mega 3, ferro, c\u00e1lcio, zinco, cobre e vitaminas D, A, e C. O menor consumo de vitaminas e minerais pode que pode impactar no crescimento, fun\u00e7\u00e3o cognitiva e metabolismo energ\u00e9tico (<a rel=\"noreferrer noopener\" href=\"https:\/\/academic.oup.com\/nutritionreviews\/article\/78\/7\/515\/5687289\" target=\"_blank\">4<\/a>);<\/li><li><strong>Estado nutricional e suplementa\u00e7\u00e3o<\/strong>: exames bioqu\u00edmicos devem ser monitorados para avaliar a necessidade de suplementa\u00e7\u00e3o vitam\u00ednica. Existe maior potencial de estresse oxidativo e capacidade reduzida de transporte de energia, por isso h\u00e1 necessidade diferenciada de micronutrientes (<a rel=\"noreferrer noopener\" href=\"https:\/\/academic.oup.com\/nutritionreviews\/article\/78\/7\/515\/5687289\" target=\"_blank\">4<\/a>);<\/li><li><strong>Educa\u00e7\u00e3o alimentar<\/strong>: h\u00e1 frequente eletividade\/avers\u00e3o para cores, texturas, cheiros, temperatura, sabor e modos de preparo dos alimentos. Esse cen\u00e1rio interfere no consumo alimentar, por isso deve acontecer uma orienta\u00e7\u00e3o cautelosa com os respons\u00e1veis e estrat\u00e9gias criativas com os pacientes para aumentar o repert\u00f3rio alimentar (<a rel=\"noreferrer noopener\" href=\"https:\/\/academic.oup.com\/nutritionreviews\/article\/78\/7\/515\/5687289\" target=\"_blank\">4<\/a>);\u00a0<\/li><li><strong>Estrat\u00e9gias nutricionais<\/strong>: uso de amino\u00e1cidos como ciste\u00edna e metionina, al\u00e9m de \u00e1cido f\u00f3lico, vitamina B6 e B12, pois s\u00e3o nutrientes essenciais para a s\u00edntese de glutationa (GSH) e de S-adenosilmetionina (SAM). Esses compostos est\u00e3o relacionados \u00e0 regula\u00e7\u00e3o do estresse oxidativo, metila\u00e7\u00e3o e fun\u00e7\u00e3o neurol\u00f3gica (<a rel=\"noreferrer noopener\" href=\"https:\/\/academic.oup.com\/nutritionreviews\/article\/78\/7\/515\/5687289\" target=\"_blank\">4<\/a>);\u00a0<\/li><li><strong>Altera\u00e7\u00f5es gastrointestinais<\/strong>: h\u00e1 maior recorr\u00eancia de refluxo, dor abdominal, diarreia, constipa\u00e7\u00e3o e altera\u00e7\u00f5es de permeabilidade na microbiota intestinal. Por isso, h\u00e1 benef\u00edcio do uso de probi\u00f3ticos melhora dos sintomas e modula\u00e7\u00e3o de subst\u00e2ncias como serotonina, melatonina e acetilcolina (<a rel=\"noreferrer noopener\" href=\"https:\/\/www.mdpi.com\/2072-6643\/11\/11\/2812\" target=\"_blank\">5<\/a>,<a rel=\"noreferrer noopener\" href=\"https:\/\/www.mdpi.com\/1660-4601\/17\/8\/2647\" target=\"_blank\">6<\/a>);<\/li><li><strong>Evitar falas\/atitudes capacitistas<\/strong>: quando h\u00e1 pouco conhecimento sobre a condi\u00e7\u00e3o apresentada, falas ou atitudes podem expressar a ideia de que pessoas com autismo s\u00e3o incapazes. Uma abordagem centrada na pessoa, respeitando suas individualidades, \u00e9 essencial para um cuidado \u00e9tico e efetivo (<a href=\"https:\/\/autismoerealidade.org.br\/2021\/04\/08\/como-evitar-o-capacitismo-no-dia-a-dia\/\">7<\/a>). <\/li><\/ol>\n\n\n\n<p><strong>A seguir, para complementar as pesquisas e estudos, indica\u00e7\u00f5es de artigos cient\u00edficos:<\/strong><\/p>\n\n\n\n<ul><li>Eating Patterns in Children with Autism Spectrum Disorder, 2022: <a rel=\"noreferrer noopener\" href=\"https:\/\/www.mdpi.com\/2227-9032\/10\/10\/1829\" target=\"_blank\">https:\/\/www.mdpi.com\/2227-9032\/10\/10\/1829<\/a><\/li><li>Food Selectivity in Children with Autism: Guidelines for Assessment and Clinical Interventions, 2023: <a rel=\"noreferrer noopener\" href=\"https:\/\/www.mdpi.com\/1660-4601\/20\/6\/5092\" target=\"_blank\">https:\/\/www.mdpi.com\/1660-4601\/20\/6\/5092<\/a><\/li><li>A Review of the Nutritional Approach and the Role of Dietary Components in Children with Autism Spectrum Disorders in Light of the Latest Scientific Research, 2023: <a rel=\"noreferrer noopener\" href=\"https:\/\/www.mdpi.com\/2072-6643\/15\/23\/4852\" target=\"_blank\">https:\/\/www.mdpi.com\/2072-6643\/15\/23\/4852<\/a><\/li><li>Nutraceuticals in Psychiatric Disorders: A Systematic Review, 2024: <a rel=\"noreferrer noopener\" href=\"https:\/\/www.mdpi.com\/1422-0067\/25\/9\/4824\" target=\"_blank\">https:\/\/www.mdpi.com\/1422-0067\/25\/9\/4824<\/a><\/li><li>Exploring the potential of the ketogenic diet in autism spectrum disorder: metabolic, genetic, and therapeutic insights, 2025:<a rel=\"noreferrer noopener\" href=\"https:\/\/link.springer.com\/article\/10.1007\/s11011-024-01518-1\" target=\"_blank\"> https:\/\/link.springer.com\/article\/10.1007\/s11011-024-01518-1 <\/a><\/li><li>Nutritional Intake and Status in Children with Autism Spectrum Disorder: A Systematic Review and Meta-Analysis, 2025: <a href=\"https:\/\/pubmed.ncbi.nlm.nih.gov\/40708203\/\" target=\"_blank\" rel=\"noreferrer noopener\">https:\/\/pubmed.ncbi.nlm.nih.gov\/40708203\/<\/a><\/li><\/ul>\n\n\n\n<p> <strong>At\u00e9 mais! <\/strong><\/p>\n","protected":false},"excerpt":{"rendered":"<p>O Transtorno do Espectro Autista (TEA) est\u00e1 frequentemente associado a altera\u00e7\u00f5es no consumo alimentar e no estado nutricional, incluindo seletividade alimentar e risco de defici\u00eancias de micronutrientes.  Estrat\u00e9gias como educa\u00e7\u00e3o alimentar, modula\u00e7\u00e3o da microbiota intestinal e suporte antioxidante podem contribuir para o manejo cl\u00ednico. Entenda mais sobre o assunto!<\/p>\n","protected":false},"author":9,"featured_media":2829,"comment_status":"open","ping_status":"open","sticky":false,"template":"","format":"standard","meta":{"spay_email":""},"categories":[2],"tags":[314,430,382,291,115],"jetpack_featured_media_url":"\/wp-content\/uploads\/2026\/03\/Capas-Blog-1-e1777246091302.png","jetpack-related-posts":[],"_links":{"self":[{"href":"https:\/\/alliviciblog.azurewebsites.net\/index.php\/wp-json\/wp\/v2\/posts\/2826"}],"collection":[{"href":"https:\/\/alliviciblog.azurewebsites.net\/index.php\/wp-json\/wp\/v2\/posts"}],"about":[{"href":"https:\/\/alliviciblog.azurewebsites.net\/index.php\/wp-json\/wp\/v2\/types\/post"}],"author":[{"embeddable":true,"href":"https:\/\/alliviciblog.azurewebsites.net\/index.php\/wp-json\/wp\/v2\/users\/9"}],"replies":[{"embeddable":true,"href":"https:\/\/alliviciblog.azurewebsites.net\/index.php\/wp-json\/wp\/v2\/comments?post=2826"}],"version-history":[{"count":5,"href":"https:\/\/alliviciblog.azurewebsites.net\/index.php\/wp-json\/wp\/v2\/posts\/2826\/revisions"}],"predecessor-version":[{"id":2832,"href":"https:\/\/alliviciblog.azurewebsites.net\/index.php\/wp-json\/wp\/v2\/posts\/2826\/revisions\/2832"}],"wp:featuredmedia":[{"embeddable":true,"href":"https:\/\/alliviciblog.azurewebsites.net\/index.php\/wp-json\/wp\/v2\/media\/2829"}],"wp:attachment":[{"href":"https:\/\/alliviciblog.azurewebsites.net\/index.php\/wp-json\/wp\/v2\/media?parent=2826"}],"wp:term":[{"taxonomy":"category","embeddable":true,"href":"https:\/\/alliviciblog.azurewebsites.net\/index.php\/wp-json\/wp\/v2\/categories?post=2826"},{"taxonomy":"post_tag","embeddable":true,"href":"https:\/\/alliviciblog.azurewebsites.net\/index.php\/wp-json\/wp\/v2\/tags?post=2826"}],"curies":[{"name":"wp","href":"https:\/\/api.w.org\/{rel}","templated":true}]}}