{"id":282,"date":"2020-04-20T17:03:56","date_gmt":"2020-04-20T20:03:56","guid":{"rendered":"https:\/\/alliviciblog.wordpress.com\/?p=282"},"modified":"2020-04-20T17:03:56","modified_gmt":"2020-04-20T20:03:56","slug":"o-acido-araquidonico-no-leite-materno","status":"publish","type":"post","link":"https:\/\/alliviciblog.azurewebsites.net\/index.php\/2020\/04\/20\/o-acido-araquidonico-no-leite-materno\/","title":{"rendered":"O \u00e1cido araquid\u00f4nico no leite materno"},"content":{"rendered":"\n<p class=\"has-text-align-justify\">Dentre os in\u00fameros benef\u00edcios do leite materno para o crescimento e desenvolvimento adequados dos beb\u00eas, est\u00e1 a presen\u00e7a, mesmo que em quantidades relativamente pequenas, dos \u00e1cidos graxos essenciais.<\/p>\n\n\n\n<p class=\"has-text-align-justify\">Tanto o \u00e1cido araquid\u00f4nico (ARA), quanto o \u00e1cido docosahexaenoico (DHA) est\u00e3o presentes nos gl\u00f3bulos de gordura, na forma de triglicer\u00eddeos e, secundariamente, em fosfolip\u00eddeos (fosfatidiletanolamina, fosfatidilcolina, esfingomielina, fosfatidilserina e fosfatidilinositol).<\/p>\n\n\n\n<p class=\"has-text-align-justify\">Em rela\u00e7\u00e3o ao \u00e1cido araquid\u00f4nico no leite humano, sua presen\u00e7a influencia a forma\u00e7\u00e3o de uma variedade de mol\u00e9culas bioativas, incluindo as prostaglandinas. Esses componentes ir\u00e3o beneficiar os lactentes em diferentes tecidos, tais como:<\/p>\n\n\n\n<p>&#8211; Prote\u00e7\u00e3o e aux\u00edlio na motilidade intestinal;<\/p>\n\n\n\n<p>&#8211; Modula\u00e7\u00e3o da inflama\u00e7\u00e3o, pois atuam como sinalizadores;<\/p>\n\n\n\n<p>&#8211; Papel no in\u00edcio da resposta da suc\u00e7\u00e3o do leite;<\/p>\n\n\n\n<p>&#8211; Modula\u00e7\u00e3o da saciedade e metabolismo energ\u00e9tico;<\/p>\n\n\n\n<p>&#8211; Desenvolvimento cerebral.&nbsp;<\/p>\n\n\n\n<p class=\"has-text-align-justify\">Desta forma, cuidar da alimenta\u00e7\u00e3o materna para que haja uma boa variedade no consumo de gorduras, incluindo fontes de gorduras poli-insaturadas em quantidades adequadas \u00e9 garantir que o \u00e1cido araquid\u00f4nico pr\u00e9 formado esteja presente no leite e exer\u00e7a todos os benef\u00edcios citados acima ao beb\u00ea amamentado.<\/p>\n\n\n\n<p class=\"has-text-align-justify\">Vale mencionar que a recomenda\u00e7\u00e3o para quando a m\u00e3e n\u00e3o puder amamentar, \u00e9 que a f\u00f3rmula indicada tenha a adi\u00e7\u00e3o de DHA e ARA. \u00a0<\/p>\n\n\n\n<p class=\"has-small-font-size\"><strong>Refer\u00eancia<\/strong><\/p>\n\n\n\n<p class=\"has-small-font-size\">Salem, N. Jr .;\u00a0Van Dael, P. \u00c1cido araquid\u00f4nico no leite humano.\u00a0<em>Nutrientes\u00a0<\/em><strong>2020<\/strong>\u00a0,\u00a0<em>12<\/em>\u00a0, 626.<\/p>\n","protected":false},"excerpt":{"rendered":"<p>A presen\u00e7a do \u00e1cido araquid\u00f4nico no leite materno influencia a forma\u00e7\u00e3o de uma variedade de mol\u00e9culas bioativas. <\/p>\n","protected":false},"author":7,"featured_media":283,"comment_status":"open","ping_status":"open","sticky":false,"template":"","format":"standard","meta":{"spay_email":""},"categories":[7],"tags":[14,15,25,79,94,100,115],"jetpack_featured_media_url":"\/wp-content\/uploads\/2020\/04\/lm-e1658845941794.png","jetpack-related-posts":[{"id":271,"url":"https:\/\/alliviciblog.azurewebsites.net\/index.php\/2020\/04\/09\/saiba-mais-sobre-as-diferencas-entre-os-leites-e-as-bebidas-vegetais\/","url_meta":{"origin":282,"position":0},"title":"Saiba mais sobre as diferen\u00e7as entre os leites e as bebidas vegetais","date":"9 de abril de 2020","format":false,"excerpt":"Com o aumento da alergia \u00e0 prote\u00edna ao leite de vaca e intoler\u00e2ncia \u00e0 lactose, entender as diferen\u00e7as entre os leites e bebidas vegetais \u00e9 fundamental!","rel":"","context":"Em &quot;Nutri\u00e7\u00e3o Materno-Infantil&quot;","img":{"alt_text":"","src":"\/wp-content\/uploads\/2020\/04\/leites.png","width":350,"height":200},"classes":[]},{"id":1529,"url":"https:\/\/alliviciblog.azurewebsites.net\/index.php\/2023\/07\/04\/artigo-cientifico-efeitos-do-omega-3-e-6-no-metabolismo-da-glicose\/","url_meta":{"origin":282,"position":1},"title":"Artigo Cient\u00edfico: Efeitos do \u00f4mega 3 e 6 no metabolismo da glicose","date":"4 de julho de 2023","format":false,"excerpt":"Por mais de uma d\u00e9cada se discute sobre o consumo equilibrado entre \u00e1cidos graxos \u00f4mega 3 e 6 para a sa\u00fade cardiovascular e outras condi\u00e7\u00f5es de sa\u00fade. Quais s\u00e3o as evid\u00eancias mais recentes sobre essa pauta? O consumo de \u00e1cidos graxos impacta no metabolismo da glicose? O resumo de mais\u2026","rel":"","context":"Em &quot;Atualidades&quot;","img":{"alt_text":"","src":"\/wp-content\/uploads\/2023\/06\/Capas-Blog.png","width":350,"height":200},"classes":[]},{"id":942,"url":"https:\/\/alliviciblog.azurewebsites.net\/index.php\/2022\/02\/24\/ha-relacao-entre-alimentacao-depressao-e-ansiedade\/","url_meta":{"origin":282,"position":2},"title":"H\u00e1 rela\u00e7\u00e3o entre alimenta\u00e7\u00e3o, depress\u00e3o e ansiedade?","date":"24 de fevereiro de 2022","format":false,"excerpt":"Novos estudos sugerem que a dieta pode exercer um papel na preven\u00e7\u00e3o e tratamento da depress\u00e3o e ansiedade. Buscando trazer maior esclarecimento entre a poss\u00edvel associa\u00e7\u00e3o, trouxemos um artigo recente sobre o tema. Afinal, estrat\u00e9gias nutricionais podem prevenir, recuperar ou auxiliar no tratamento de tais condi\u00e7\u00f5es?","rel":"","context":"Em &quot;Atualidades&quot;","img":{"alt_text":"","src":"\/wp-content\/uploads\/2021\/04\/surface-tqmnnr9odys-unsplash.jpg","width":350,"height":200},"classes":[]},{"id":582,"url":"https:\/\/alliviciblog.azurewebsites.net\/index.php\/2021\/06\/25\/cuidado-nutricional-na-psoriase\/","url_meta":{"origin":282,"position":3},"title":"Cuidado Nutricional na Psor\u00edase","date":"25 de junho de 2021","format":false,"excerpt":"A psor\u00edase \u00e9 uma doen\u00e7a dermatol\u00f3gica cr\u00f4nica e imunomediada. Possui rela\u00e7\u00e3o com a manifesta\u00e7\u00e3o de artrite psori\u00e1sica, doen\u00e7as cardiometab\u00f3licas e gastrointestinais. O nutricionista possui importante espa\u00e7o de atua\u00e7\u00e3o no tratamento de doen\u00e7as cr\u00f4nicas. Por isso, trouxemos o resumo de um artigo cient\u00edfico que avaliou diversas interven\u00e7\u00f5es diet\u00e9ticas e o poss\u00edvel\u2026","rel":"","context":"Em &quot;Atualidades&quot;","img":{"alt_text":"","src":"\/wp-content\/uploads\/2021\/06\/screen-shot-2021-06-23-at-4.29.43-pm-e1624476654933.png","width":350,"height":200},"classes":[]},{"id":1564,"url":"https:\/\/alliviciblog.azurewebsites.net\/index.php\/2023\/08\/15\/artigo-cientifico-suplementacao-de-moringa-na-gestacao-e-amamentacao\/","url_meta":{"origin":282,"position":4},"title":"Artigo Cient\u00edfico: Suplementa\u00e7\u00e3o de Moringa na gesta\u00e7\u00e3o e amamenta\u00e7\u00e3o","date":"15 de agosto de 2023","format":false,"excerpt":"Durante o per\u00edodo da gesta\u00e7\u00e3o e da amamenta\u00e7\u00e3o, devido a demanda nutricional aumentada, mudan\u00e7as na ingest\u00e3o alimentar nem sempre atendem \u00e0s necessidades da m\u00e3e e do beb\u00ea, por isso a suplementa\u00e7\u00e3o tem um papel muito importante. No texto de hoje, o artigo que avaliou o impacto da suplementa\u00e7\u00e3o de Moringa\u2026","rel":"","context":"Em &quot;Atualidades&quot;","img":{"alt_text":"","src":"\/wp-content\/uploads\/2023\/07\/Capas-Blog-2.png","width":350,"height":200},"classes":[]},{"id":2533,"url":"https:\/\/alliviciblog.azurewebsites.net\/index.php\/2025\/07\/29\/cuidado-nutricional-aleitamento-materno\/","url_meta":{"origin":282,"position":5},"title":"Cuidado Nutricional: Aleitamento Materno","date":"29 de julho de 2025","format":false,"excerpt":"O leite materno garante a nutri\u00e7\u00e3o adequada e ainda protege contra diarreias, infec\u00e7\u00f5es respirat\u00f3rias e alergias. Ajuda tamb\u00e9m a diminuir o risco do desenvolvimento de diversas doen\u00e7as cr\u00f4nicas, al\u00e9m de fortalecer muito o v\u00ednculo afetivo entre a m\u00e3e e o beb\u00ea. Contudo, condi\u00e7\u00f5es pessoais, cl\u00ednicas e socioculturais podem interferir na\u2026","rel":"","context":"Em &quot;Atualidades&quot;","img":{"alt_text":"","src":"\/wp-content\/uploads\/2025\/07\/Capas-Blog-1-e1752778138407.png","width":350,"height":200},"classes":[]}],"_links":{"self":[{"href":"https:\/\/alliviciblog.azurewebsites.net\/index.php\/wp-json\/wp\/v2\/posts\/282"}],"collection":[{"href":"https:\/\/alliviciblog.azurewebsites.net\/index.php\/wp-json\/wp\/v2\/posts"}],"about":[{"href":"https:\/\/alliviciblog.azurewebsites.net\/index.php\/wp-json\/wp\/v2\/types\/post"}],"author":[{"embeddable":true,"href":"https:\/\/alliviciblog.azurewebsites.net\/index.php\/wp-json\/wp\/v2\/users\/7"}],"replies":[{"embeddable":true,"href":"https:\/\/alliviciblog.azurewebsites.net\/index.php\/wp-json\/wp\/v2\/comments?post=282"}],"version-history":[{"count":0,"href":"https:\/\/alliviciblog.azurewebsites.net\/index.php\/wp-json\/wp\/v2\/posts\/282\/revisions"}],"wp:featuredmedia":[{"embeddable":true,"href":"https:\/\/alliviciblog.azurewebsites.net\/index.php\/wp-json\/wp\/v2\/media\/283"}],"wp:attachment":[{"href":"https:\/\/alliviciblog.azurewebsites.net\/index.php\/wp-json\/wp\/v2\/media?parent=282"}],"wp:term":[{"taxonomy":"category","embeddable":true,"href":"https:\/\/alliviciblog.azurewebsites.net\/index.php\/wp-json\/wp\/v2\/categories?post=282"},{"taxonomy":"post_tag","embeddable":true,"href":"https:\/\/alliviciblog.azurewebsites.net\/index.php\/wp-json\/wp\/v2\/tags?post=282"}],"curies":[{"name":"wp","href":"https:\/\/api.w.org\/{rel}","templated":true}]}}