{"id":2632,"date":"2025-10-21T07:00:00","date_gmt":"2025-10-21T10:00:00","guid":{"rendered":"https:\/\/alliviciblog.azurewebsites.net\/?p=2632"},"modified":"2025-10-19T17:20:55","modified_gmt":"2025-10-19T20:20:55","slug":"artigo-cientifico-uma-revisao-sistematica-e-meta-analise-do-efeito-da-suplementacao-de-vitamina-d-na-depressao","status":"publish","type":"post","link":"https:\/\/alliviciblog.azurewebsites.net\/index.php\/2025\/10\/21\/artigo-cientifico-uma-revisao-sistematica-e-meta-analise-do-efeito-da-suplementacao-de-vitamina-d-na-depressao\/","title":{"rendered":"Artigo Cient\u00edfico: Uma revis\u00e3o sistem\u00e1tica e meta-an\u00e1lise do efeito da suplementa\u00e7\u00e3o de vitamina D na depress\u00e3o"},"content":{"rendered":"\n<p>Depress\u00e3o e ansiedade s\u00e3o grandes <strong>preocupa\u00e7\u00f5es na sa\u00fade p\u00fablica <\/strong>global. Estima-se que cerca de 280 milh\u00f5es de pessoas sofrem de depress\u00e3o. A ansiedade tamb\u00e9m \u00e9 um dos transtornos mentais mais comuns, com aumento de 50%, no n\u00famero absoluto de pacientes, desde 1990. Durante a pandemia da COVID-19, observou-se um <strong>aumento<\/strong> <strong>nos<\/strong> <strong>sintomas<\/strong> de ansiedade e depress\u00e3o em diversas popula\u00e7\u00f5es ao redor do mundo.<\/p>\n\n\n\n<p>Estudos observacionais j\u00e1 indicaram <strong>associa\u00e7\u00e3o <\/strong>entre a defici\u00eancia de <strong>vitamina D<\/strong> e o risco aumentado de <strong>depress\u00e3o<\/strong>. A vitamina D atua na regula\u00e7\u00e3o do sistema imunol\u00f3gico, promo\u00e7\u00e3o do crescimento celular e redu\u00e7\u00e3o de processos inflamat\u00f3rios. Al\u00e9m disso, influencia no funcionamento de <strong>genes<\/strong> essenciais para o sistema cerebral.<\/p>\n\n\n\n<p>No entanto, \u00e9 preciso analisar os <strong>efeitos<\/strong> <strong>da<\/strong> <strong>suplementa\u00e7\u00e3o<\/strong> de vitamina D sobre os sintomas depressivos, considerando o impacto <strong>dose-resposta<\/strong>. Assim, o estudo em quest\u00e3o teve como objetivo realizar uma <strong>revis\u00e3o<\/strong> <strong>sistem\u00e1tica<\/strong> de ensaios cl\u00ednicos randomizados com <strong>meta-an\u00e1lise<\/strong> de dose-resposta.<\/p>\n\n\n\n<p><strong>Metodologia<\/strong><\/p>\n\n\n\n<p>Buscas foram feitas em bases de dados como PudMed, Scopus e Web of Science, para encontrar estudos relevantes cientificamente, escritos em <strong>ingl\u00eas<\/strong> e publicados ap\u00f3s dezembro de <strong>2022<\/strong>. Quanto aos crit\u00e9rios de inclus\u00e3o, destaca-se: apenas artigos realizados em <strong>humanos<\/strong>, adultos, com grupo-controle e per\u00edodo de <strong>interven\u00e7\u00e3o<\/strong> maior que quatro semanas. <\/p>\n\n\n\n<p><strong>Resultados e Discuss\u00e3o <\/strong><\/p>\n\n\n\n<p>A busca inicial teve como resultado 2243 publica\u00e7\u00f5es, ap\u00f3s a revis\u00e3o e exclus\u00e3o, apenas<strong> 31 estudos<\/strong> foram inclu\u00eddos na meta-an\u00e1lise de dose-resposta. A amostra total foi de <strong>24.189 participantes<\/strong>, sendo 12.091 do grupo controle e 12.098 no grupo de interven\u00e7\u00e3o. <\/p>\n\n\n\n<p>Em 29 estudos a interven\u00e7\u00e3o foi apenas de vitamina D3; mas, em um dos ensaios a vitamina D foi administrada combinada com c\u00e1lcio, j\u00e1 em outro, com \u00f4mega-3. O <strong>per\u00edodo<\/strong> da interven\u00e7\u00e3o da maioria dos estudos foi de 4 a 24 semanas, j\u00e1 as <strong>doses<\/strong> variaram de 1000 a 15.000 UI\/dia. <\/p>\n\n\n\n<p>Os resultados do estudo indicaram, com <strong>evid\u00eancia de certeza moderada<\/strong>, que a suplementa\u00e7\u00e3o com vitamina D tem efeitos ben\u00e9ficos sobre os sintomas depressivos em adultos. Verificou-se redu\u00e7\u00e3o significativa dos sintomas depressivos a cada 1000 UI de vitamina D3 por dia. <strong>Essa melhora foi proporcional at\u00e9 a dose de 8000 UI\/dia, ponto em que foi observado o maior efeito<\/strong>. Doses superiores n\u00e3o apresentaram benef\u00edcios adicionais.<\/p>\n\n\n\n<p><strong>A dura\u00e7\u00e3o da interven\u00e7\u00e3o influenciou os resultados. <\/strong>Estudos com at\u00e9 8 semanas, ou aqueles entre 8 e 24 semanas, apresentaram efeitos mais fortes na redu\u00e7\u00e3o dos sintomas depressivos. O per\u00edodo de 8 semanas parece ser o marco para que os efeitos da vitamina D come\u00e7am a se manifestar, seja na preven\u00e7\u00e3o ou no tratamento da depress\u00e3o.<\/p>\n\n\n\n<p>Em estudos com dura\u00e7\u00e3o superior a 52 semanas, observou-se uma tend\u00eancia de melhora, mas menos intensa. A <strong>redu\u00e7\u00e3o da efic\u00e1cia em interven\u00e7\u00f5es mais longas<\/strong> pode estar associada \u00e0 menor ades\u00e3o, desist\u00eancia dos participantes ou vi\u00e9s de atrito.<\/p>\n\n\n\n<p>H\u00e1 diversas<strong> hip\u00f3teses fisiol\u00f3gicas para os efeitos <\/strong>da vitamina D na depress\u00e3o. Destacam-se suas a\u00e7\u00f5es na sinaliza\u00e7\u00e3o celular, neuroprote\u00e7\u00e3o, modula\u00e7\u00e3o imunol\u00f3gica, s\u00edntese de serotonina e redu\u00e7\u00e3o de inflama\u00e7\u00f5es. Al\u00e9m disso, suas propriedades antioxidantes e influ\u00eancia nos ritmos circadianos podem contribuir para a melhora do humor.<\/p>\n\n\n\n<p>Apesar dos pontos fortes deste estudo, uma<strong> limita\u00e7\u00e3o importante<\/strong> a ser destacada \u00e9 que existem <strong>outros fatores<\/strong> al\u00e9m da suplementa\u00e7\u00e3o que podem influenciar os sintomas depressivos. Al\u00e9m disso, ainda h\u00e1 <strong>evid\u00eancias limitadas sobre os efeitos da vitamina D na ansiedade e na remiss\u00e3o da depress\u00e3o<\/strong>. Essas varia\u00e7\u00f5es podem ser explicadas por diferen\u00e7as na dose, tipo de suplemento, dura\u00e7\u00e3o do tratamento e caracter\u00edsticas dos participantes.<\/p>\n\n\n\n<p><strong>Conclus\u00e3o<\/strong><\/p>\n\n\n\n<p>Estudos epidemiol\u00f3gicos populacionais j\u00e1 haviam apontado uma <strong>associa\u00e7\u00e3o<\/strong> entre baixos n\u00edveis s\u00e9ricos de vitamina D e maior risco de depress\u00e3o. Os achados do estudo atual est\u00e3o <strong>alinhados<\/strong> com essa hip\u00f3tese, al\u00e9m de demonstrar que<strong> tamb\u00e9m h\u00e1 evid\u00eancias <\/strong>que sugerem benef\u00edcios da vitamina D na redu\u00e7\u00e3o de sintomas depressivos. <\/p>\n\n\n\n<p><strong>A suplementa\u00e7\u00e3o pode melhorar significativamente os sintomas depressivos em interven\u00e7\u00f5es de at\u00e9 24 semanas, especialmente na dose de 8000 UI\/dia. <\/strong>No entanto, n\u00e3o houve efeito sobre a remiss\u00e3o da depress\u00e3o ou sintomas de ansiedade. S\u00e3o necess\u00e1rios mais estudos de alta qualidade para avaliar sua efic\u00e1cia a longo prazo, que considerem os n\u00edveis iniciais de vitamina D dos participantes.<\/p>\n\n\n\n<p><strong>Confira<\/strong> <strong>o<\/strong> <strong>artigo<\/strong> <strong>na<\/strong> <strong>\u00edntegra<\/strong>: <a rel=\"noreferrer noopener\" href=\"https:\/\/pubmed.ncbi.nlm.nih.gov\/39552387\/\" data-type=\"URL\" data-id=\"https:\/\/pubmed.ncbi.nlm.nih.gov\/39552387\/\" target=\"_blank\">https:\/\/pubmed.ncbi.nlm.nih.gov\/39552387\/<\/a><\/p>\n\n\n\n<p><strong>At\u00e9 mais! <\/strong><\/p>\n","protected":false},"excerpt":{"rendered":"<p>Depress\u00e3o e ansiedade s\u00e3o grandes preocupa\u00e7\u00f5es na sa\u00fade p\u00fablica. Estudos observacionais j\u00e1 indicaram associa\u00e7\u00e3o entre a defici\u00eancia de vitamina D e o risco aumentado de depress\u00e3o. O estudo em quest\u00e3o teve como objetivo realizar uma revis\u00e3o sistem\u00e1tica de ensaios cl\u00ednicos randomizados com meta-an\u00e1lise de dose-resposta. Confira! <\/p>\n","protected":false},"author":9,"featured_media":2634,"comment_status":"open","ping_status":"open","sticky":false,"template":"","format":"standard","meta":{"spay_email":""},"categories":[2],"tags":[308,115,303],"jetpack_featured_media_url":"\/wp-content\/uploads\/2025\/10\/Capas-Blog-1-e1760896077482.png","jetpack-related-posts":[{"id":942,"url":"https:\/\/alliviciblog.azurewebsites.net\/index.php\/2022\/02\/24\/ha-relacao-entre-alimentacao-depressao-e-ansiedade\/","url_meta":{"origin":2632,"position":0},"title":"H\u00e1 rela\u00e7\u00e3o entre alimenta\u00e7\u00e3o, depress\u00e3o e ansiedade?","date":"24 de fevereiro de 2022","format":false,"excerpt":"Novos estudos sugerem que a dieta pode exercer um papel na preven\u00e7\u00e3o e tratamento da depress\u00e3o e ansiedade. Buscando trazer maior esclarecimento entre a poss\u00edvel associa\u00e7\u00e3o, trouxemos um artigo recente sobre o tema. Afinal, estrat\u00e9gias nutricionais podem prevenir, recuperar ou auxiliar no tratamento de tais condi\u00e7\u00f5es?","rel":"","context":"Em &quot;Atualidades&quot;","img":{"alt_text":"","src":"\/wp-content\/uploads\/2021\/04\/surface-tqmnnr9odys-unsplash.jpg","width":350,"height":200},"classes":[]},{"id":2765,"url":"https:\/\/alliviciblog.azurewebsites.net\/index.php\/2026\/01\/27\/artigo-cientifico-papel-dos-suplementos-nutricionais-e-estilo-de-vida-na-menopausa-precoce\/","url_meta":{"origin":2632,"position":1},"title":"Artigo Cient\u00edfico: Papel dos suplementos nutricionais e estilo de vida para o \"timing\" da menopausa","date":"27 de janeiro de 2026","format":false,"excerpt":"A idade da menopausa natural \u00e9 um determinante relevante para a sa\u00fade feminina. As mulheres passam cerca de um ter\u00e7o da vida no per\u00edodo p\u00f3s-menopausa, por isso que identificar os fatores que influenciam a ocorr\u00eancia desse momento \u00e9 uma quest\u00e3o muito importante. Um estudo com mais de 3.500 mulheres mostrou\u2026","rel":"","context":"Em &quot;Atualidades&quot;","img":{"alt_text":"","src":"\/wp-content\/uploads\/2026\/01\/Capas-Blog-5-e1769533279421.png","width":350,"height":200},"classes":[]},{"id":2805,"url":"https:\/\/alliviciblog.azurewebsites.net\/index.php\/2026\/03\/10\/artigo-cientifico-efeitos-terapeuticos-da-suplementacao-de-vitaminas-em-pacientes-com-endometriose\/","url_meta":{"origin":2632,"position":2},"title":"Artigo Cient\u00edfico: Efeitos terap\u00eauticos da suplementa\u00e7\u00e3o de vitaminas em pacientes com endometriose","date":"10 de mar\u00e7o de 2026","format":false,"excerpt":"A endometriose afeta cerca de 10% das mulheres em idade reprodutiva. Embora o tratamento envolva principalmente terapias hormonais e cirurgia, essas abordagens apresentam limita\u00e7\u00f5es, como efeitos adversos e recorr\u00eancia da doen\u00e7a. Por isso, vitaminas com propriedades antioxidantes e imunomoduladoras, como as vitaminas D, C e E, t\u00eam sido investigadas como\u2026","rel":"","context":"Em &quot;Atualidades&quot;","img":{"alt_text":"","src":"\/wp-content\/uploads\/2026\/03\/Capas-Blog-e1773010549956.png","width":350,"height":200},"classes":[]},{"id":64,"url":"https:\/\/alliviciblog.azurewebsites.net\/index.php\/2019\/05\/15\/vitamina-d-e-gestacao\/","url_meta":{"origin":2632,"position":3},"title":"Vitamina D e Gesta\u00e7\u00e3o","date":"15 de maio de 2019","format":false,"excerpt":"A associa\u00e7\u00e3o entre os n\u00edveis plasm\u00e1ticos maternos de vitamina D e os desfechos do ciclo grav\u00eddico s\u00e3o bem documentados na literatura cient\u00edfica.","rel":"","context":"Em &quot;Nutri\u00e7\u00e3o Materno-Infantil&quot;","img":{"alt_text":"","src":"\/wp-content\/uploads\/2019\/05\/vitamina-d-e-gestac3a7c3a3o-e1659377945727.png","width":350,"height":200},"classes":[]},{"id":2404,"url":"https:\/\/alliviciblog.azurewebsites.net\/index.php\/2025\/05\/06\/artigo-cientifico-rinite-e-o-papel-preventivo-de-suplementos-nutricionais\/","url_meta":{"origin":2632,"position":4},"title":"Artigo Cient\u00edfico: Rinite e o papel preventivo de suplementos nutricionais","date":"6 de maio de 2025","format":false,"excerpt":"Quais suplementos nutricionais podem auxiliar na preven\u00e7\u00e3o de sintomas ou doen\u00e7as respirat\u00f3rias causados pela polui\u00e7\u00e3o do ar? Esse foi o objetivo da revis\u00e3o em quest\u00e3o, al\u00e9m de explicar os impactos negativos da polui\u00e7\u00e3o para a sa\u00fade respirat\u00f3ria. Confira!","rel":"","context":"Em &quot;Atualidades&quot;","img":{"alt_text":"","src":"\/wp-content\/uploads\/2025\/05\/1-e1746281500596.png","width":350,"height":200},"classes":[]},{"id":1779,"url":"https:\/\/alliviciblog.azurewebsites.net\/index.php\/2024\/06\/25\/cuidado-nutricional-sarcopenia\/","url_meta":{"origin":2632,"position":5},"title":"Cuidado Nutricional: Sarcopenia","date":"25 de junho de 2024","format":false,"excerpt":"Sarcopenia \u00e9 uma condi\u00e7\u00e3o caracterizada pela perda progressiva de massa e fun\u00e7\u00e3o muscular. O estado nutricional e o consumo alimentar impactam diretamente na regula\u00e7\u00e3o da s\u00edntese e manuten\u00e7\u00e3o muscular. Por isso, uma dieta nutricionalmente adequada \u00e9 essencial. Confira as estrat\u00e9gias!","rel":"","context":"Em &quot;Atualidades&quot;","img":{"alt_text":"","src":"\/wp-content\/uploads\/2024\/06\/Capas-Blog-2.png","width":350,"height":200},"classes":[]}],"_links":{"self":[{"href":"https:\/\/alliviciblog.azurewebsites.net\/index.php\/wp-json\/wp\/v2\/posts\/2632"}],"collection":[{"href":"https:\/\/alliviciblog.azurewebsites.net\/index.php\/wp-json\/wp\/v2\/posts"}],"about":[{"href":"https:\/\/alliviciblog.azurewebsites.net\/index.php\/wp-json\/wp\/v2\/types\/post"}],"author":[{"embeddable":true,"href":"https:\/\/alliviciblog.azurewebsites.net\/index.php\/wp-json\/wp\/v2\/users\/9"}],"replies":[{"embeddable":true,"href":"https:\/\/alliviciblog.azurewebsites.net\/index.php\/wp-json\/wp\/v2\/comments?post=2632"}],"version-history":[{"count":12,"href":"https:\/\/alliviciblog.azurewebsites.net\/index.php\/wp-json\/wp\/v2\/posts\/2632\/revisions"}],"predecessor-version":[{"id":2649,"href":"https:\/\/alliviciblog.azurewebsites.net\/index.php\/wp-json\/wp\/v2\/posts\/2632\/revisions\/2649"}],"wp:featuredmedia":[{"embeddable":true,"href":"https:\/\/alliviciblog.azurewebsites.net\/index.php\/wp-json\/wp\/v2\/media\/2634"}],"wp:attachment":[{"href":"https:\/\/alliviciblog.azurewebsites.net\/index.php\/wp-json\/wp\/v2\/media?parent=2632"}],"wp:term":[{"taxonomy":"category","embeddable":true,"href":"https:\/\/alliviciblog.azurewebsites.net\/index.php\/wp-json\/wp\/v2\/categories?post=2632"},{"taxonomy":"post_tag","embeddable":true,"href":"https:\/\/alliviciblog.azurewebsites.net\/index.php\/wp-json\/wp\/v2\/tags?post=2632"}],"curies":[{"name":"wp","href":"https:\/\/api.w.org\/{rel}","templated":true}]}}