{"id":2578,"date":"2025-09-09T07:00:00","date_gmt":"2025-09-09T10:00:00","guid":{"rendered":"https:\/\/alliviciblog.azurewebsites.net\/?p=2578"},"modified":"2025-09-28T15:58:12","modified_gmt":"2025-09-28T18:58:12","slug":"artigo-cientifico-qual-e-a-seguranca-e-eficacia-de-glucosamina-com-condroitina-para-adultos","status":"publish","type":"post","link":"https:\/\/alliviciblog.azurewebsites.net\/index.php\/2025\/09\/09\/artigo-cientifico-qual-e-a-seguranca-e-eficacia-de-glucosamina-com-condroitina-para-adultos\/","title":{"rendered":"Artigo Cient\u00edfico: Qual \u00e9 a seguran\u00e7a e efic\u00e1cia de glucosamina com condroitina para adultos?"},"content":{"rendered":"\n<p>Doen\u00e7as articulares, ou&nbsp;disfun\u00e7\u00f5es articulares,&nbsp;<strong>impactam muito na qualidade de vida<\/strong> e podem se manifestar de diversas formas. Em alguns casos h\u00e1 dores&nbsp;que parecem vir das articula\u00e7\u00f5es, mas t\u00eam origem em outras estruturas, como nos ligamentos, tend\u00f5es ou m\u00fasculos.<\/p>\n\n\n\n<p>No caso das doen\u00e7as articulares podemos <strong>citar tr\u00eas<\/strong> principais: osteoartrite (relacionada ao envelhecimento e ao estresse mec\u00e2nico), artrite reumat\u00f3ide (dano articular mediado por autoimunidade) e o transtorno temporomandibular (fatores f\u00edsicos e psicol\u00f3gicos, como estresse, enxaqueca e dist\u00farbios do sono). <\/p>\n\n\n\n<p>A&nbsp;<strong>glucosamina e a condroitina <\/strong>s\u00e3o subst\u00e2ncias usadas como <strong>suplementos<\/strong> visando&nbsp;a preven\u00e7\u00e3o da degrada\u00e7\u00e3o da cartilagem, regula\u00e7\u00e3o de processos anab\u00f3licos e o potencial anti-inflamat\u00f3rio.<\/p>\n\n\n\n<p>O objetivo do estudo em quest\u00e3o foi <strong>avaliar<\/strong> se a suplementa\u00e7\u00e3o de glucosamina e\/ou condroitina em humanos \u00e9 <strong>segura e eficaz<\/strong> para disfun\u00e7\u00f5es articulares; al\u00e9m de determinar as <strong>dosagens<\/strong> mais utilizadas. <strong>Confira! <\/strong><\/p>\n\n\n\n<p><strong>Metodologia<\/strong><\/p>\n\n\n\n<p>Foi realizada uma <strong>revis\u00e3o sistem\u00e1tica<\/strong>, com buscas feitas nas bases de dados PubMed e Web of Science, para publica\u00e7\u00f5es entre 1990 e 2024. Os resultados foram carregados em uma plataforma, na qual dois pesquisadores independentes revisaram os artigos de acordo com crit\u00e9rios de inclus\u00e3o e exclus\u00e3o. A avalia\u00e7\u00e3o da qualidade foi feita utilizando a ferramenta Mixed Methods Appraisal Tool (MMAT).<\/p>\n\n\n\n<p><strong>Resultados e Discuss\u00e3o <\/strong><\/p>\n\n\n\n<p>Dos 2013 artigos avaliados, <strong>146 estudos foram inclu\u00eddos na revis\u00e3o atual<\/strong>, sendo quase 60% ensaios cl\u00ednicos randomizados. A maioria focou em osteoartrite e dor articular, com mais de 90% dos estudos de<strong> efic\u00e1cia<\/strong> relatando resultados positivos e a maioria dos estudos de <strong>seguran\u00e7a<\/strong> indicando efeitos adversos m\u00ednimos ou inexistentes. <\/p>\n\n\n\n<p>A&nbsp;<strong>dose di\u00e1ria<\/strong> mais frequente de <strong>glucosamina<\/strong>&nbsp;foi de&nbsp;<strong>1500 mg,<\/strong> com uma varia\u00e7\u00e3o nos estudos de&nbsp;10 mg a 2250 mg por dia. Para a&nbsp;<strong>condroitina<\/strong>, a dose di\u00e1ria mais comum foi de&nbsp;<strong>1200 mg<\/strong>, variando de&nbsp;2,5 mg a 1600 mg por dia. <\/p>\n\n\n\n<p>A maioria dos estudos administrou&nbsp;glucosamina e condroitina em <strong>duas ou tr\u00eas doses<\/strong> divididas ao longo do dia. Al\u00e9m do placebo, o&nbsp;comparador de efic\u00e1cia mais comum nos estudos&nbsp;foi o&nbsp;celecoxibe (medicamento analg\u00e9sico e anti-inflamat\u00f3rio), com dose de 200 mg por dia. <\/p>\n\n\n\n<p>Os&nbsp;principais<strong> biomarcadores<\/strong> analisados para avaliar a efic\u00e1cia&nbsp;foram:&nbsp;prote\u00edna C reativa (PCR),&nbsp;velocidade de hemossedimenta\u00e7\u00e3o (VHS),&nbsp;interleucinas (ILs)&nbsp;e o&nbsp;fator de necrose tumoral alfa (TNF-\u03b1).&nbsp;Marcadores de degrada\u00e7\u00e3o da cartilagem\/osso tamb\u00e9m foram avaliados, como o&nbsp;telopet\u00eddeo C-terminal entrecruzado do col\u00e1geno tipo II (CTX-II)&nbsp;e as&nbsp;metaloproteinases da matriz (MMPs).<\/p>\n\n\n\n<p>Para avaliar a efic\u00e1cia de diferentes interven\u00e7\u00f5es na sa\u00fade articular, <strong>diversos<\/strong> <strong>question\u00e1rios<\/strong> foram utilizados nos estudos. Os principais foram:&nbsp;\u00cdndice de Osteoartrite das Universidades de Western Ontario e McMaster (WOMAC), o&nbsp;\u00cdndice de Lequesne (LI)&nbsp;e o&nbsp;\u00cdndice Funcional de Lequesne (LFI).&nbsp;<\/p>\n\n\n\n<p>Analisando a <strong>efic\u00e1cia<\/strong>, a maioria dos estudos verificou resultados satisfat\u00f3rios nos efeitos de glucosamina e\/ou condroitina comparados com placebo. Al\u00e9m disso, os efeitos ben\u00e9ficos tamb\u00e9m foram observados quando os resultados foram comparados ao uso de medicamentos analg\u00e9sicos e anti-inflamat\u00f3rios. <\/p>\n\n\n\n<p><strong>Mediadores inflamat\u00f3rios<\/strong> foram reduzidos em muitos estudos com a suplementa\u00e7\u00e3o, incluindo&nbsp;PCR,&nbsp;IL-1\u03b2 e IL-6,&nbsp;VHS&nbsp;e&nbsp;TNF-\u03b1. Estudos tamb\u00e9m observaram a&nbsp;preven\u00e7\u00e3o ou redu\u00e7\u00e3o da taxa de degrada\u00e7\u00e3o da cartilagem,&nbsp;por exemplo ao reduzir o estreitamento do espa\u00e7o articular, ou diminuir marcadores de degrada\u00e7\u00e3o da cartilagem.<\/p>\n\n\n\n<p>Os achados&nbsp;<strong>objetivos<\/strong> somados \u00e0s melhoras&nbsp;<strong>subjetivas<\/strong>, analisadas a partir dos question\u00e1rios de satisfa\u00e7\u00e3o do paciente, redu\u00e7\u00e3o da dor&nbsp;e&nbsp;melhora da qualidade de vida, demonstraram que a suplementa\u00e7\u00e3o de glicosamina e condroitina pode oferecer&nbsp;diversas vantagens no tratamento de condi\u00e7\u00f5es articulares.<\/p>\n\n\n\n<p>Em rela\u00e7\u00e3o \u00e0&nbsp;<strong>seguran\u00e7a<\/strong>, a maioria dos estudos relatou&nbsp;nenhum efeito colateral&nbsp;ou&nbsp;eventos adversos m\u00ednimos\/brandos. Os mais comuns foram relacionados ao&nbsp;sistema <strong>gastrointestinal<\/strong>, como&nbsp;n\u00e1usea, diarreia, constipa\u00e7\u00e3o, dispepsia e distens\u00e3o abdominal.<\/p>\n\n\n\n<p>Ambos compostos atuam com a\u00e7\u00e3o <strong>anti-inflamat\u00f3ria<\/strong>, contribuindo para a <strong>prote\u00e7\u00e3o da cartilagem<\/strong>, al\u00e9m de inibir enzimas cat\u00f3licas, promovendo<strong> efeitos anab\u00f3licos<\/strong>. Por conta desses mecanismos, acredita-se que esses dois suplementos nutricionais atuem de forma ben\u00e9fica no manejo condi\u00e7\u00f5es que afetam as articula\u00e7\u00f5es e cartilagens.<\/p>\n\n\n\n<p><strong>Conclus\u00e3o<\/strong><\/p>\n\n\n\n<p>No geral, as <strong>evid\u00eancias<\/strong> sugerem que a glucosamina e a condroitina s\u00e3o geralmente <strong>eficazes<\/strong> e bem toleradas, especialmente para o <strong>manejo da osteoartrite e dor articular<\/strong>. A&nbsp;dose di\u00e1ria mais comum foi de 1500 mg para glucosamina e 1200 mg para condroitina, com fracionamento de consumo em tr\u00eas vezes ao dia.<\/p>\n\n\n\n<p>A pesquisa foi centrada na&nbsp;<strong>osteoartrite e&nbsp;dor articular<\/strong>, por isso <strong>mais&nbsp;estudos s\u00e3o necess\u00e1rios<\/strong>&nbsp;para uma avalia\u00e7\u00e3o aprofundada dessa suplementa\u00e7\u00e3o para&nbsp;outras condi\u00e7\u00f5es cl\u00ednicas. Al\u00e9m disso, tamb\u00e9m \u00e9 essencial avaliar&nbsp;a efic\u00e1cia, seguran\u00e7a e dosagem ideal de uso dessas subst\u00e2ncias de acordo com a idade, sexo e comorbidades cl\u00ednicas. <\/p>\n\n\n\n<p><strong>Confira<\/strong> <strong>o<\/strong> <strong>artigo<\/strong> <strong>na<\/strong> <strong>\u00edntegra<\/strong>: <a rel=\"noreferrer noopener\" href=\"http:\/\/Confira o artigo na \u00edntegra: https:\/\/www.mdpi.com\/2072-6643\/17\/13\/2093\" data-type=\"URL\" data-id=\"Confira o artigo na \u00edntegra: https:\/\/www.mdpi.com\/2072-6643\/17\/13\/2093\" target=\"_blank\">https:\/\/www.mdpi.com\/2072-6643\/17\/13\/2093<\/a><\/p>\n\n\n\n<p><strong>At\u00e9 mais! <\/strong><\/p>\n","protected":false},"excerpt":{"rendered":"<p>Doen\u00e7as articulares t\u00eam\u00a0impacto na qualidade de vida e podem se manifestar de diversas formas. O objetivo do estudo em quest\u00e3o foi avaliar se a suplementa\u00e7\u00e3o de glucosamina e condroitina \u00e9 segura para humanos e eficaz em amenizar dores articulares; como tamb\u00e9m determinar as dosagens mais utilizadas. Confira! <\/p>\n","protected":false},"author":9,"featured_media":2582,"comment_status":"open","ping_status":"open","sticky":false,"template":"","format":"standard","meta":{"spay_email":""},"categories":[2],"tags":[308,306,315,190],"jetpack_featured_media_url":"\/wp-content\/uploads\/2025\/09\/Capas-Blog-2.png","jetpack-related-posts":[{"id":2805,"url":"https:\/\/alliviciblog.azurewebsites.net\/index.php\/2026\/03\/10\/artigo-cientifico-efeitos-terapeuticos-da-suplementacao-de-vitaminas-em-pacientes-com-endometriose\/","url_meta":{"origin":2578,"position":0},"title":"Artigo Cient\u00edfico: Efeitos terap\u00eauticos da suplementa\u00e7\u00e3o de vitaminas em pacientes com endometriose","date":"10 de mar\u00e7o de 2026","format":false,"excerpt":"A endometriose afeta cerca de 10% das mulheres em idade reprodutiva. Embora o tratamento envolva principalmente terapias hormonais e cirurgia, essas abordagens apresentam limita\u00e7\u00f5es, como efeitos adversos e recorr\u00eancia da doen\u00e7a. Por isso, vitaminas com propriedades antioxidantes e imunomoduladoras, como as vitaminas D, C e E, t\u00eam sido investigadas como\u2026","rel":"","context":"Em &quot;Atualidades&quot;","img":{"alt_text":"","src":"\/wp-content\/uploads\/2026\/03\/Capas-Blog-e1773010549956.png","width":350,"height":200},"classes":[]},{"id":1408,"url":"https:\/\/alliviciblog.azurewebsites.net\/index.php\/2023\/01\/24\/artigo-cientifico-suplementacao-de-melatonina-na-nutricao\/","url_meta":{"origin":2578,"position":1},"title":"Artigo Cient\u00edfico: Suplementa\u00e7\u00e3o de melatonina na nutri\u00e7\u00e3o","date":"24 de janeiro de 2023","format":false,"excerpt":"A suplementa\u00e7\u00e3o de melatonina tem se popularizado entre muitas pessoas. No entanto, n\u00e3o deve ser tida como uma subst\u00e2ncia \u201cpara dormir\u201d. No texto de hoje, selecionamos os pontos principais de um artigo cient\u00edfico, para deixar o nutricionista atualizado sobre a suplementa\u00e7\u00e3o de melatonina. Confira!","rel":"","context":"Em &quot;Atualidades&quot;","img":{"alt_text":"","src":"\/wp-content\/uploads\/2023\/01\/pexels-ekaterina-bolovtsova-7445340-scaled-e1674428114257.jpg","width":350,"height":200},"classes":[]},{"id":455,"url":"https:\/\/alliviciblog.azurewebsites.net\/index.php\/2021\/04\/16\/alimentacao-e-doencas-reumaticas-voce-sabe-a-relacao\/","url_meta":{"origin":2578,"position":2},"title":"Alimenta\u00e7\u00e3o e doen\u00e7as reum\u00e1ticas, voc\u00ea sabe a rela\u00e7\u00e3o?","date":"16 de abril de 2021","format":false,"excerpt":"Doen\u00e7as reum\u00e1ticas s\u00e3o condi\u00e7\u00f5es cr\u00f4nicas de sa\u00fade e por isso tamb\u00e9m merecem aten\u00e7\u00e3o quanto \u00e0 alimenta\u00e7\u00e3o. Estrat\u00e9gias nutricionais podem ser utilizadas de forma complementar ao tratamento. O que estudos cient\u00edficos falam sobre a tem\u00e1tica?","rel":"","context":"Em &quot;Atualidades&quot;","img":{"alt_text":"","src":"\/wp-content\/uploads\/2021\/04\/blog-e1618404801426.jpg","width":350,"height":200},"classes":[]},{"id":1509,"url":"https:\/\/alliviciblog.azurewebsites.net\/index.php\/2023\/06\/06\/artigo-cientifico-seguranca-na-suplementacao-de-creatina\/","url_meta":{"origin":2578,"position":3},"title":"Artigo Cient\u00edfico: Seguran\u00e7a na Suplementa\u00e7\u00e3o de Creatina","date":"6 de junho de 2023","format":false,"excerpt":"Na suplementa\u00e7\u00e3o nutricional, muitas orienta\u00e7\u00f5es passam por mudan\u00e7as ao longo dos anos; algo que era promissor passa a n\u00e3o ser interessante, e vice e versa. Por isso, a import\u00e2ncia de se manter atualizado. No texto de hoje, o resumo de um artigo em que os autores avaliaram as evid\u00eancias dispon\u00edveis\u2026","rel":"","context":"Em &quot;Atualidades&quot;","img":{"alt_text":"","src":"\/wp-content\/uploads\/2023\/06\/1.png","width":350,"height":200},"classes":[]},{"id":2404,"url":"https:\/\/alliviciblog.azurewebsites.net\/index.php\/2025\/05\/06\/artigo-cientifico-rinite-e-o-papel-preventivo-de-suplementos-nutricionais\/","url_meta":{"origin":2578,"position":4},"title":"Artigo Cient\u00edfico: Rinite e o papel preventivo de suplementos nutricionais","date":"6 de maio de 2025","format":false,"excerpt":"Quais suplementos nutricionais podem auxiliar na preven\u00e7\u00e3o de sintomas ou doen\u00e7as respirat\u00f3rias causados pela polui\u00e7\u00e3o do ar? Esse foi o objetivo da revis\u00e3o em quest\u00e3o, al\u00e9m de explicar os impactos negativos da polui\u00e7\u00e3o para a sa\u00fade respirat\u00f3ria. Confira!","rel":"","context":"Em &quot;Atualidades&quot;","img":{"alt_text":"","src":"\/wp-content\/uploads\/2025\/05\/1-e1746281500596.png","width":350,"height":200},"classes":[]},{"id":1564,"url":"https:\/\/alliviciblog.azurewebsites.net\/index.php\/2023\/08\/15\/artigo-cientifico-suplementacao-de-moringa-na-gestacao-e-amamentacao\/","url_meta":{"origin":2578,"position":5},"title":"Artigo Cient\u00edfico: Suplementa\u00e7\u00e3o de Moringa na gesta\u00e7\u00e3o e amamenta\u00e7\u00e3o","date":"15 de agosto de 2023","format":false,"excerpt":"Durante o per\u00edodo da gesta\u00e7\u00e3o e da amamenta\u00e7\u00e3o, devido a demanda nutricional aumentada, mudan\u00e7as na ingest\u00e3o alimentar nem sempre atendem \u00e0s necessidades da m\u00e3e e do beb\u00ea, por isso a suplementa\u00e7\u00e3o tem um papel muito importante. No texto de hoje, o artigo que avaliou o impacto da suplementa\u00e7\u00e3o de Moringa\u2026","rel":"","context":"Em &quot;Atualidades&quot;","img":{"alt_text":"","src":"\/wp-content\/uploads\/2023\/07\/Capas-Blog-2.png","width":350,"height":200},"classes":[]}],"_links":{"self":[{"href":"https:\/\/alliviciblog.azurewebsites.net\/index.php\/wp-json\/wp\/v2\/posts\/2578"}],"collection":[{"href":"https:\/\/alliviciblog.azurewebsites.net\/index.php\/wp-json\/wp\/v2\/posts"}],"about":[{"href":"https:\/\/alliviciblog.azurewebsites.net\/index.php\/wp-json\/wp\/v2\/types\/post"}],"author":[{"embeddable":true,"href":"https:\/\/alliviciblog.azurewebsites.net\/index.php\/wp-json\/wp\/v2\/users\/9"}],"replies":[{"embeddable":true,"href":"https:\/\/alliviciblog.azurewebsites.net\/index.php\/wp-json\/wp\/v2\/comments?post=2578"}],"version-history":[{"count":10,"href":"https:\/\/alliviciblog.azurewebsites.net\/index.php\/wp-json\/wp\/v2\/posts\/2578\/revisions"}],"predecessor-version":[{"id":2604,"href":"https:\/\/alliviciblog.azurewebsites.net\/index.php\/wp-json\/wp\/v2\/posts\/2578\/revisions\/2604"}],"wp:featuredmedia":[{"embeddable":true,"href":"https:\/\/alliviciblog.azurewebsites.net\/index.php\/wp-json\/wp\/v2\/media\/2582"}],"wp:attachment":[{"href":"https:\/\/alliviciblog.azurewebsites.net\/index.php\/wp-json\/wp\/v2\/media?parent=2578"}],"wp:term":[{"taxonomy":"category","embeddable":true,"href":"https:\/\/alliviciblog.azurewebsites.net\/index.php\/wp-json\/wp\/v2\/categories?post=2578"},{"taxonomy":"post_tag","embeddable":true,"href":"https:\/\/alliviciblog.azurewebsites.net\/index.php\/wp-json\/wp\/v2\/tags?post=2578"}],"curies":[{"name":"wp","href":"https:\/\/api.w.org\/{rel}","templated":true}]}}