{"id":211,"date":"2019-10-23T14:44:49","date_gmt":"2019-10-23T17:44:49","guid":{"rendered":"https:\/\/alliviciblog.wordpress.com\/?p=211"},"modified":"2019-10-23T14:44:49","modified_gmt":"2019-10-23T17:44:49","slug":"beneficios-das-frutas-vermelhas-para-a-recuperacao-muscular","status":"publish","type":"post","link":"https:\/\/alliviciblog.azurewebsites.net\/index.php\/2019\/10\/23\/beneficios-das-frutas-vermelhas-para-a-recuperacao-muscular\/","title":{"rendered":"Benef\u00edcios das frutas vermelhas para a recupera\u00e7\u00e3o muscular"},"content":{"rendered":"\n<p class=\"has-text-align-justify\"> As frutas vermelhas como amora, framboesa, morango, cereja, mirtilo, a\u00e7a\u00ed, goji berry, cranberry e groselha s\u00e3o tamb\u00e9m chamadas de berries. S\u00e3o pequeninas e de colora\u00e7\u00e3o vermelha ou arroxeada, reconhecidas em todo o mundo por seu alto valor nutricional atribu\u00eddo \u00e0 elevada concentra\u00e7\u00e3o de vitaminas e compostos bioativos essenciais para a manuten\u00e7\u00e3o de uma boa sa\u00fade. <\/p>\n\n\n\n<p class=\"has-text-align-justify\">Essas frutas s\u00e3o ricas em nutrientes, destacando-se a vitamina C, as antocianinas (respons\u00e1veis pela colora\u00e7\u00e3o destas frutas), os flavon\u00f3ides e elagitaninos (subgrupo dos taninos), que tamb\u00e9m exercem a\u00e7\u00e3o antioxidante e anti-inflamat\u00f3ria no organismo. <\/p>\n\n\n\n<p class=\"has-text-align-justify\">Durante a pr\u00e1tica de atividade f\u00edsica, ocorre um aumento natural na produ\u00e7\u00e3o de radicais livres, no entanto \u00e9 imprescind\u00edvel que haja um adequado aporte de subst\u00e2ncias antioxidantes para auxiliarem na modula\u00e7\u00e3o deste processo, proporcionando um equil\u00edbrio org\u00e2nico essencial para prevenir a redu\u00e7\u00e3o do desempenho f\u00edsico, os danos \u00e0s c\u00e9lulas e tecidos e o enfraquecimento do sistema imunol\u00f3gico (que pode levar ao aumento da inflama\u00e7\u00e3o e dos riscos de infec\u00e7\u00e3o, especialmente em atletas de endurance). <\/p>\n\n\n\n<p class=\"has-text-align-justify\">Alguns estudos cient\u00edficos corroboram estas afirma\u00e7\u00f5es, como o de Castro e colaboradores, o qual analisou o efeito do consumo de a\u00e7a\u00ed em praticantes de atividade f\u00edsica de alta intensidade mostrou que pode ser uma boa alternativa na melhora da exaust\u00e3o e do estresse oxidativo dos atletas. Outro estudo realizado em 2011, mostrou que o consumo de mirtilo por indiv\u00edduos bem treinados reduziu o estresse oxidativo e melhorou o suporte ao sistema imunol\u00f3gico ap\u00f3s o consumo agudo de 375g uma hora antes de corrida.    <\/p>\n\n\n\n<p class=\"has-text-align-justify\">Assim, o consumo de frutas vermelhas, dentro de uma dieta saud\u00e1vel, equilibrada e individualizada, poder\u00e1 ser um bom aliado na manuten\u00e7\u00e3o do desempenho em atividades f\u00edsicas.   <\/p>\n\n\n\n<p class=\"has-text-align-justify has-small-font-size\"><strong>Fonte:  <\/strong><\/p>\n\n\n\n<p class=\"has-text-align-justify has-small-font-size\">CARVALHO-PEIXOTO J. et al. Consumption of a\u00e7ai (Euterpe oleracea Mart.) functional beverage reduces muscle stress and improves effort tolerance in elite athletes: a randomized controlled intervention study. Appl Physiol Nutr Metab;40(7):725-33, 2015.  <\/p>\n\n\n\n<p class=\"has-text-align-justify has-small-font-size\">DE CASTRO C.A et al. Aerobic exercise and not a diet supplemented with jussara a\u00e7a\u00ed (Euterpe edulis Martius) alters hepatic oxidative and inflammatory biomarkers in ApoE-deficient mice. Br J Nutr;112(3):285-94, 2014.  <\/p>\n\n\n\n<p class=\"has-text-align-justify has-small-font-size\">MCANULTY, L.S.; NIEMAN, D.C.; DUMKE, C.L. et al. Effect of blueberry ingestion on natural killer cell counts, oxidative stress, and inflammation prior to and after 2.5 hof running. Appl Physiol Nutr Metab; 36(6):976-84, 2011. <\/p>\n","protected":false},"excerpt":{"rendered":"<p>Essas frutas s\u00e3o ricas em nutrientes, destacando-se a vitamina C, as antocianinas (respons\u00e1veis pela colora\u00e7\u00e3o destas frutas), os flavon\u00f3ides e elagitaninos (subgrupo dos taninos), que tamb\u00e9m exercem a\u00e7\u00e3o antioxidante e anti-inflamat\u00f3ria no organismo. <\/p>\n","protected":false},"author":6,"featured_media":214,"comment_status":"open","ping_status":"open","sticky":false,"template":"","format":"standard","meta":{"spay_email":""},"categories":[3],"tags":[14,15,92,100,115],"jetpack_featured_media_url":"\/wp-content\/uploads\/2019\/10\/frut-ver2.png","jetpack-related-posts":[{"id":980,"url":"https:\/\/alliviciblog.azurewebsites.net\/index.php\/2022\/03\/24\/nutricao-e-saude-da-mulher\/","url_meta":{"origin":211,"position":0},"title":"Artigo Cient\u00edfico: Nutri\u00e7\u00e3o e Sa\u00fade da Mulher","date":"24 de mar\u00e7o de 2022","format":false,"excerpt":"Durante o m\u00eas de mar\u00e7o, muitos temas relacionados \u00e0 sa\u00fade da mulher tiveram protagonismo. Na nutri\u00e7\u00e3o n\u00e3o foi diferente! Inclusive, voc\u00ea sabia que h\u00e1 uma \u00e1rea de estudo especializada em sa\u00fade nutricional da mulher? Abordaremos alguns pontos apresentados em um recente estudo sobre a associa\u00e7\u00e3o entre dieta e desordens ginecol\u00f3gicas.\u2026","rel":"","context":"Em &quot;Atualidades&quot;","img":{"alt_text":"","src":"\/wp-content\/uploads\/2022\/03\/52-e1648060591601.png","width":350,"height":200},"classes":[]},{"id":1580,"url":"https:\/\/alliviciblog.azurewebsites.net\/index.php\/2023\/09\/12\/dia-mundial-da-doenca-alzheimer\/","url_meta":{"origin":211,"position":1},"title":"Dia Mundial da Doen\u00e7a Alzheimer","date":"12 de setembro de 2023","format":false,"excerpt":"No m\u00eas de setembro, uma das datas importantes para os profissionais da sa\u00fade \u00e9 o Dia Mundial do Alzheimer. Cada vez mais, estudos demonstram associa\u00e7\u00f5es entre fatores diet\u00e9ticos e diversas condi\u00e7\u00f5es de sa\u00fade, como as doen\u00e7as neurodegenerativas. Confira as novidades no texto de hoje!","rel":"","context":"Em &quot;Atualidades&quot;","img":{"alt_text":"","src":"\/wp-content\/uploads\/2023\/09\/pexels-anna-shvets-4226264-scaled-e1693927567449.jpg","width":350,"height":200},"classes":[]},{"id":529,"url":"https:\/\/alliviciblog.azurewebsites.net\/index.php\/2021\/05\/28\/nutricao-alimentacao-e-saude-digestiva\/","url_meta":{"origin":211,"position":2},"title":"Nutri\u00e7\u00e3o, alimenta\u00e7\u00e3o e sa\u00fade digestiva","date":"28 de maio de 2021","format":false,"excerpt":"A sa\u00fade da microbiota intestinal \u00e9 uma tem\u00e1tica muito discutida. Pensando nisso, trouxemos a tradu\u00e7\u00e3o e adapta\u00e7\u00e3o de uma revis\u00e3o sobre o papel da alimenta\u00e7\u00e3o na sua composi\u00e7\u00e3o. Saiba quais nutrientes merecem aten\u00e7\u00e3o lendo esse blog na \u00edntegra!","rel":"","context":"Em &quot;Atualidades&quot;","img":{"alt_text":"","src":"\/wp-content\/uploads\/2021\/05\/blog-2-e1622033580587.jpg","width":350,"height":200},"classes":[]},{"id":932,"url":"https:\/\/alliviciblog.azurewebsites.net\/index.php\/2022\/03\/10\/cuidado-nutricional-doencas-digestivas\/","url_meta":{"origin":211,"position":3},"title":"Cuidado Nutricional: Doen\u00e7as Digestivas","date":"10 de mar\u00e7o de 2022","format":false,"excerpt":"As doen\u00e7as digestivas tamb\u00e9m s\u00e3o muito influenciadas pela alimenta\u00e7\u00e3o. A atua\u00e7\u00e3o de um nutricionista \u00e9 de extrema relev\u00e2ncia, principalmente diante de outros fatores de risco e no caso da presen\u00e7a de intoler\u00e2ncias e alergias alimentares.\u00a0De fato, a sa\u00fade da microbiota intestinal \u00e9 uma tem\u00e1tica muito discutida nos \u00faltimos anos. Por\u2026","rel":"","context":"Em &quot;Atualidades&quot;","img":{"alt_text":"","src":"\/wp-content\/uploads\/2022\/02\/gut-microbiome_G_1124678428-e1644350880245.jpg","width":350,"height":200},"classes":[]},{"id":2592,"url":"https:\/\/alliviciblog.azurewebsites.net\/index.php\/2025\/09\/23\/nutricao-e-saude-cardiovascular-dia-mundial-do-coracao\/","url_meta":{"origin":211,"position":4},"title":"Nutri\u00e7\u00e3o e Sa\u00fade Cardiovascular: Dia Mundial do Cora\u00e7\u00e3o","date":"23 de setembro de 2025","format":false,"excerpt":"Doen\u00e7as cardiovasculares costumam ser a principal causa de morte no Brasil. Para a preven\u00e7\u00e3o \u00e9 essencial reduzir comportamentos de risco, como o sedentarismo, tabagismo e a alimenta\u00e7\u00e3o inadequada. A dieta DASH \u00e9 muito conhecida para o tratamento e preven\u00e7\u00e3o de doen\u00e7as cardiovasculares. Em solo brasileiro \u00e9 um padr\u00e3o alimentar com\u2026","rel":"","context":"Em &quot;Atualidades&quot;","img":{"alt_text":"","src":"\/wp-content\/uploads\/2023\/10\/Capas-Blog-1-e1758598426800.png","width":350,"height":200},"classes":[]},{"id":225,"url":"https:\/\/alliviciblog.azurewebsites.net\/index.php\/2019\/11\/26\/carboidratos-e-seu-papel-para-o-esporte\/","url_meta":{"origin":211,"position":5},"title":"Carboidratos e seu papel para o Esporte","date":"26 de novembro de 2019","format":false,"excerpt":"Tudo o que consumimos serve de combust\u00edvel para o corpo realizar suas fun\u00e7\u00f5es. Na pr\u00e1tica de exerc\u00edcios f\u00edsicos n\u00e3o poderia ser diferente, pois o que \u00e9 ingerido tem a\u00e7\u00e3o direta sobre o rendimento.","rel":"","context":"Em &quot;Corrida&quot;","img":{"alt_text":"","src":"\/wp-content\/uploads\/2019\/11\/cho.png","width":350,"height":200},"classes":[]}],"_links":{"self":[{"href":"https:\/\/alliviciblog.azurewebsites.net\/index.php\/wp-json\/wp\/v2\/posts\/211"}],"collection":[{"href":"https:\/\/alliviciblog.azurewebsites.net\/index.php\/wp-json\/wp\/v2\/posts"}],"about":[{"href":"https:\/\/alliviciblog.azurewebsites.net\/index.php\/wp-json\/wp\/v2\/types\/post"}],"author":[{"embeddable":true,"href":"https:\/\/alliviciblog.azurewebsites.net\/index.php\/wp-json\/wp\/v2\/users\/6"}],"replies":[{"embeddable":true,"href":"https:\/\/alliviciblog.azurewebsites.net\/index.php\/wp-json\/wp\/v2\/comments?post=211"}],"version-history":[{"count":0,"href":"https:\/\/alliviciblog.azurewebsites.net\/index.php\/wp-json\/wp\/v2\/posts\/211\/revisions"}],"wp:featuredmedia":[{"embeddable":true,"href":"https:\/\/alliviciblog.azurewebsites.net\/index.php\/wp-json\/wp\/v2\/media\/214"}],"wp:attachment":[{"href":"https:\/\/alliviciblog.azurewebsites.net\/index.php\/wp-json\/wp\/v2\/media?parent=211"}],"wp:term":[{"taxonomy":"category","embeddable":true,"href":"https:\/\/alliviciblog.azurewebsites.net\/index.php\/wp-json\/wp\/v2\/categories?post=211"},{"taxonomy":"post_tag","embeddable":true,"href":"https:\/\/alliviciblog.azurewebsites.net\/index.php\/wp-json\/wp\/v2\/tags?post=211"}],"curies":[{"name":"wp","href":"https:\/\/api.w.org\/{rel}","templated":true}]}}