{"id":205,"date":"2019-10-07T15:10:42","date_gmt":"2019-10-07T18:10:42","guid":{"rendered":"https:\/\/alliviciblog.wordpress.com\/?p=205"},"modified":"2019-10-07T15:10:42","modified_gmt":"2019-10-07T18:10:42","slug":"sera-mesmo-que-preciso-comer-antes-de-treinar","status":"publish","type":"post","link":"https:\/\/alliviciblog.azurewebsites.net\/index.php\/2019\/10\/07\/sera-mesmo-que-preciso-comer-antes-de-treinar\/","title":{"rendered":"Ser\u00e1 mesmo que preciso comer antes de treinar?"},"content":{"rendered":"\n<p class=\"has-text-align-justify\">O consumo de alimentos antes dos treinos \u00e9 muito importante e \u00a0tem sido observado que a maioria dos praticantes tem como h\u00e1bito alimentar mais comum a elevada ingest\u00e3o de prote\u00ednas e pouqu\u00edssimo consumo de carboidratos e de lip\u00eddios. Os atletas acreditam que a maior ingest\u00e3o de prote\u00edna est\u00e1 relacionada com melhor performance e aumento de for\u00e7a, mas sabe-se que a necessidade proteica \u00e9 facilmente atingida por meio de uma alimenta\u00e7\u00e3o balanceada. Vale ressaltar que as pesquisas acerca do consumo de alimentos no pr\u00e9 e p\u00f3s treino s\u00e3o infelizmente ainda \u00a0insuficientes na literatura.<\/p>\n\n\n\n<p class=\"has-text-align-justify\">De uma maneira geral, quando h\u00e1 um curto espa\u00e7o de tempo entre\ntreino e alimenta\u00e7\u00e3o &nbsp;\u00e9 que as refei\u00e7\u00f5es\nsejam ricas em carboidratos para elevar ao m\u00e1ximo os n\u00edveis de glicog\u00eanio e\nmanter os n\u00edveis de glicemia. O consumo de prote\u00ednas, lip\u00eddeos e fibras\ndemandam um tempo de digest\u00e3o maior, sendo recomendado o consumo desse\nalimentos na refei\u00e7\u00e3o pr\u00e9-treino apenas se houver um espa\u00e7o de tempo para\ndigest\u00e3o de cerca de tr\u00eas horas, do contr\u00e1rio n\u00e3o se recomenda o consumo de\nfontes alimentares ricas em fibras, prote\u00ednas e lip\u00eddeos a fim de evitar o\ndesconforto g\u00e1strico.<\/p>\n\n\n\n<p class=\"has-text-align-justify\">A Sociedade Brasileira de Medicina do Esporte (SBME, 2009), orienta que a ingest\u00e3o de carboidratos deve ser priorizada antes da atividade f\u00edsica. <\/p>\n\n\n\n<p class=\"has-text-align-justify\">A fun\u00e7\u00e3o principal dos carboidratos \u00e9 o fornecimento de energia para a realiza\u00e7\u00e3o das atividades, tendo em vista que consumo de carboidratos, al\u00e9m de evitar a hipoglicemia e a fadiga, auxilia na recupera\u00e7\u00e3o do glicog\u00eanio muscular e hep\u00e1tico. Em rela\u00e7\u00e3o ao tempo verificou-se que a maioria dos artigos estudados as pessoas \u00a0tem por h\u00e1bito se alimentar entre 15 e 30 minutos antes do treino, mas no dia a dia, na pratica n\u00e3o funciona muito assim, eu trago essa verdade pela minha pratica no crossfit e dos meus pacientes que praticam crossfit e ou outras modalidades. A nutri\u00e7\u00e3o sempre \u00e9 uma INDIVIDUALIZA\u00c7\u00c3O!<\/p>\n\n\n\n<p class=\"has-text-align-justify\">Tenho pacientes que no pr\u00e9 treino, n\u00e3o conseguem consumir nada s\u00f3lido, pois independente \u00a0do treino, acabam passando mal devido esvaziamento g\u00e1strico, mais lento e ou outros motivos. Assim, o que quero deixar claro \u00e9 que deve se respeitar a individualidade biol\u00f3gica de cada um, existem treinos por exemplo no crossfit que s\u00e3o de apenas 6 minutos ou at\u00e9 menos, mas com uma alta intensidade e outros treinos tem dura\u00e7\u00e3o de 20 minutos ou 40 minutos, ent\u00e3o h\u00e1 muitos fatores que podem influenciar: \u00a0treino do dia, noite anterior, hor\u00e1rio de treino, entre outros. N\u00e3o \u00e9 uma verdade absoluta ter que ingerir carboidratos ou qualquer tipo de alimento antes do treino, por isso, volto a repetir que a vida pessoal do ser humano deve ser avaliada como um todo.<\/p>\n\n\n\n<p class=\"has-text-align-justify\">O nutricionista esportivo \u00e9 o profissional mais qualificado\nnesse caso, para que sejam feitas escolhas alimentares adequadas, levando em\nconsidera\u00e7\u00e3o fatores relacionados aos alimentos como a composi\u00e7\u00e3o da refei\u00e7\u00e3o e\nos macronutrientes, quantidade e qualidade dos alimentos, o tipo de exerc\u00edcio,\nintensidade, dura\u00e7\u00e3o e hor\u00e1rio, bem como a toler\u00e2ncia g\u00e1strica e h\u00e1bitos\nalimentares. O acompanhamento nutricional \u00e9 eficaz na diminui\u00e7\u00e3o do percentual\nde gordura corporal o que contribui para a manuten\u00e7\u00e3o da sa\u00fade, redu\u00e7\u00e3o de\ndoen\u00e7as e melhora na qualidade de vida.<\/p>\n\n\n\n<p class=\"has-text-align-justify\">Mas seguem alguns tipos de combina\u00e7\u00f5es que devem ser normalmente ingerida no m\u00ednimo 30 minutos antes E essas op\u00e7\u00f5es s\u00e3o  gerais:<\/p>\n\n\n\n<p><\/p>\n\n\n\n<ul><li> Banana com  aveia em flocos<\/li><li> Torradas com pasta de amendoim <\/li><li> Pa\u00e7oca <\/li><li>Lanche com pasta de atum <\/li><li>Caf\u00e9 expresso + batata doce ou mandioca <\/li><li>A\u00e7a\u00ed com granola <\/li><\/ul>\n\n\n\n<p class=\"has-text-align-justify\">Para um resultado de verdade, procure um nutricionista para que o profissional bem preparado consegue observar e unir todos esses fatores antes da orienta\u00e7\u00e3o. <\/p>\n\n\n\n<p class=\"has-small-font-size\"><strong>Refer\u00eancias <\/strong><\/p>\n\n\n\n<p class=\"has-small-font-size\">Almeida e Balmant, 2017; SBME, 2009; Scheer e colaboradores , 2015.<\/p>\n\n\n\n<p class=\"has-small-font-size\">Sociedade Brasileira de Medicina do Esporte &#8211; SBME, 2009.<\/p>\n","protected":false},"excerpt":{"rendered":"<p>O nutricionista esportivo \u00e9 o profissional mais qualificado para orientar escolhas alimentares adequadas ao treino. <\/p>\n","protected":false},"author":3,"featured_media":208,"comment_status":"open","ping_status":"open","sticky":false,"template":"","format":"standard","meta":{"spay_email":""},"categories":[4,1],"tags":[15,92,100,115],"jetpack_featured_media_url":"\/wp-content\/uploads\/2019\/10\/crossfit.png","jetpack-related-posts":[{"id":252,"url":"https:\/\/alliviciblog.azurewebsites.net\/index.php\/2020\/02\/17\/gel-de-carboidrato-como-usar\/","url_meta":{"origin":205,"position":0},"title":"Gel de carboidrato: como usar?","date":"17 de fevereiro de 2020","format":false,"excerpt":"O gel de carboidrato \u00e9 o suplemento preferido pelos atletas por ser f\u00e1cil de carregar e por fornecer energia r\u00e1pida durante o exerc\u00edcio.","rel":"","context":"Em &quot;Corrida&quot;","img":{"alt_text":"","src":"\/wp-content\/uploads\/2020\/02\/gelcho-1.png","width":350,"height":200},"classes":[]},{"id":160,"url":"https:\/\/alliviciblog.azurewebsites.net\/index.php\/2019\/08\/01\/conhecendo-os-macronutrientes-carboidrato-i\/","url_meta":{"origin":205,"position":1},"title":"Conhecendo os macronutrientes #Carboidrato I","date":"1 de agosto de 2019","format":false,"excerpt":"A base de tudo \u00e9 a alimenta\u00e7\u00e3o! Entenda melhor o metabolismo dos carboidratos.","rel":"","context":"Em &quot;Crossfit&quot;","img":{"alt_text":"","src":"\/wp-content\/uploads\/2019\/08\/cross.png","width":350,"height":200},"classes":[]},{"id":225,"url":"https:\/\/alliviciblog.azurewebsites.net\/index.php\/2019\/11\/26\/carboidratos-e-seu-papel-para-o-esporte\/","url_meta":{"origin":205,"position":2},"title":"Carboidratos e seu papel para o Esporte","date":"26 de novembro de 2019","format":false,"excerpt":"Tudo o que consumimos serve de combust\u00edvel para o corpo realizar suas fun\u00e7\u00f5es. Na pr\u00e1tica de exerc\u00edcios f\u00edsicos n\u00e3o poderia ser diferente, pois o que \u00e9 ingerido tem a\u00e7\u00e3o direta sobre o rendimento.","rel":"","context":"Em &quot;Corrida&quot;","img":{"alt_text":"","src":"\/wp-content\/uploads\/2019\/11\/cho.png","width":350,"height":200},"classes":[]},{"id":529,"url":"https:\/\/alliviciblog.azurewebsites.net\/index.php\/2021\/05\/28\/nutricao-alimentacao-e-saude-digestiva\/","url_meta":{"origin":205,"position":3},"title":"Nutri\u00e7\u00e3o, alimenta\u00e7\u00e3o e sa\u00fade digestiva","date":"28 de maio de 2021","format":false,"excerpt":"A sa\u00fade da microbiota intestinal \u00e9 uma tem\u00e1tica muito discutida. Pensando nisso, trouxemos a tradu\u00e7\u00e3o e adapta\u00e7\u00e3o de uma revis\u00e3o sobre o papel da alimenta\u00e7\u00e3o na sua composi\u00e7\u00e3o. Saiba quais nutrientes merecem aten\u00e7\u00e3o lendo esse blog na \u00edntegra!","rel":"","context":"Em &quot;Atualidades&quot;","img":{"alt_text":"","src":"\/wp-content\/uploads\/2021\/05\/blog-2-e1622033580587.jpg","width":350,"height":200},"classes":[]},{"id":176,"url":"https:\/\/alliviciblog.azurewebsites.net\/index.php\/2019\/08\/25\/__trashed\/","url_meta":{"origin":205,"position":4},"title":"Tipos de carboidratos - parte II","date":"25 de agosto de 2019","format":false,"excerpt":"Os carboidratos podem ser classificados em tr\u00eas diferentes tipos, de acordo com o n\u00edvel de complexidade das mol\u00e9culas que os representam.","rel":"","context":"Em &quot;Crossfit&quot;","img":{"alt_text":"","src":"\/wp-content\/uploads\/2019\/08\/cho.png","width":350,"height":200},"classes":[]},{"id":932,"url":"https:\/\/alliviciblog.azurewebsites.net\/index.php\/2022\/03\/10\/cuidado-nutricional-doencas-digestivas\/","url_meta":{"origin":205,"position":5},"title":"Cuidado Nutricional: Doen\u00e7as Digestivas","date":"10 de mar\u00e7o de 2022","format":false,"excerpt":"As doen\u00e7as digestivas tamb\u00e9m s\u00e3o muito influenciadas pela alimenta\u00e7\u00e3o. A atua\u00e7\u00e3o de um nutricionista \u00e9 de extrema relev\u00e2ncia, principalmente diante de outros fatores de risco e no caso da presen\u00e7a de intoler\u00e2ncias e alergias alimentares.\u00a0De fato, a sa\u00fade da microbiota intestinal \u00e9 uma tem\u00e1tica muito discutida nos \u00faltimos anos. Por\u2026","rel":"","context":"Em &quot;Atualidades&quot;","img":{"alt_text":"","src":"\/wp-content\/uploads\/2022\/02\/gut-microbiome_G_1124678428-e1644350880245.jpg","width":350,"height":200},"classes":[]}],"_links":{"self":[{"href":"https:\/\/alliviciblog.azurewebsites.net\/index.php\/wp-json\/wp\/v2\/posts\/205"}],"collection":[{"href":"https:\/\/alliviciblog.azurewebsites.net\/index.php\/wp-json\/wp\/v2\/posts"}],"about":[{"href":"https:\/\/alliviciblog.azurewebsites.net\/index.php\/wp-json\/wp\/v2\/types\/post"}],"author":[{"embeddable":true,"href":"https:\/\/alliviciblog.azurewebsites.net\/index.php\/wp-json\/wp\/v2\/users\/3"}],"replies":[{"embeddable":true,"href":"https:\/\/alliviciblog.azurewebsites.net\/index.php\/wp-json\/wp\/v2\/comments?post=205"}],"version-history":[{"count":0,"href":"https:\/\/alliviciblog.azurewebsites.net\/index.php\/wp-json\/wp\/v2\/posts\/205\/revisions"}],"wp:featuredmedia":[{"embeddable":true,"href":"https:\/\/alliviciblog.azurewebsites.net\/index.php\/wp-json\/wp\/v2\/media\/208"}],"wp:attachment":[{"href":"https:\/\/alliviciblog.azurewebsites.net\/index.php\/wp-json\/wp\/v2\/media?parent=205"}],"wp:term":[{"taxonomy":"category","embeddable":true,"href":"https:\/\/alliviciblog.azurewebsites.net\/index.php\/wp-json\/wp\/v2\/categories?post=205"},{"taxonomy":"post_tag","embeddable":true,"href":"https:\/\/alliviciblog.azurewebsites.net\/index.php\/wp-json\/wp\/v2\/tags?post=205"}],"curies":[{"name":"wp","href":"https:\/\/api.w.org\/{rel}","templated":true}]}}