{"id":185,"date":"2019-08-23T19:40:33","date_gmt":"2019-08-23T22:40:33","guid":{"rendered":"https:\/\/alliviciblog.wordpress.com\/?p=185"},"modified":"2019-08-23T19:40:33","modified_gmt":"2019-08-23T22:40:33","slug":"coenzima-q10-a-importancia-no-esporte","status":"publish","type":"post","link":"https:\/\/alliviciblog.azurewebsites.net\/index.php\/2019\/08\/23\/coenzima-q10-a-importancia-no-esporte\/","title":{"rendered":"Coenzima Q10: a import\u00e2ncia no esporte"},"content":{"rendered":"\n<p style=\"text-align:justify;\"> Voc\u00ea j\u00e1 deve ter reparado que esse nome tem aparecido em muitas propagandas, principalmente de produtos de beleza e nutricosm\u00e9ticos. Pois \u00e9. A coenzima Q10 (Coq10), que tamb\u00e9m \u00e9 chamada de Ubiquinona ou Vitamina Q10, \u00e9 produzida naturalmente pelo nosso corpo, mas tamb\u00e9m pode ser obtida por meio da alimenta\u00e7\u00e3o.  <\/p>\n\n\n\n<p style=\"text-align:justify;\">Em nosso corpo, os \u00f3rg\u00e3os que apresentam maior concentra\u00e7\u00e3o de Coq10 s\u00e3o o cora\u00e7\u00e3o, rins, c\u00e9rebro e f\u00edgado. J\u00e1 na dieta, \u00e9 encontrada em maior concentra\u00e7\u00e3o nos alimentos como frango, carne bovina e su\u00edna, cavala, sardinha, nozes, gr\u00e3o de soja (seco ou cru verde), pistache, br\u00f3colis, espinafre, \u00f3leos de soja, gergelim, milho e algod\u00e3o e feij\u00e3o azuki.  <\/p>\n\n\n\n<p style=\"text-align:justify;\">Indo mais a fundo, a Coq10 \u00e9 um componente presente em grande quantidade nas membranas celulares, especialmente dos lisossomos, do complexo de Golgi e das mitoc\u00f4ndrias, onde \u00e9 capaz de controlar as rea\u00e7\u00f5es bioqu\u00edmicas de \u00f3xido-redu\u00e7\u00e3o (a\u00e7\u00e3o antioxidante), modula\u00e7\u00e3o da permeabilidade mitocondrial e indu\u00e7\u00e3o da apoptose, controle do pH, gera\u00e7\u00e3o de ATP e modula\u00e7\u00e3o da express\u00e3o de v\u00e1rios genes (Barcelos, 2019).  <\/p>\n\n\n\n<p style=\"text-align:justify;\">Estudos indicam que com o passar do tempo e o aumento natural da idade, o conte\u00fado de Coq10 nos diversos tecidos tende a reduzir de forma sistem\u00e1tica. Para dar alguns exemplos, chegamos a perder em m\u00e9dia 83% do conte\u00fado de Coq10 nas c\u00e9lulas pancre\u00e1ticas dos 20 aos 80 anos, reduzimos 72% do conte\u00fado de Coq10 no m\u00fasculo card\u00edaco entre os 58 e 76 anos, e pelo menos 50% do conte\u00fado de Coq10 nas c\u00e9lulas adrenais tamb\u00e9m s\u00e3o reduzidos dos 20 aos 80 anos (Crane, 2001). Isto \u00e9 muito relevante, pois altera toda a capacidade de funcionamento celular dos diversos \u00f3rg\u00e3os, o que reduz a nossa vitalidade e favorece o surgimento de doen\u00e7as.   <\/p>\n\n\n\n<p style=\"text-align:justify;\">No \u00e2mbito esportivo, a suplementa\u00e7\u00e3o de coenzima Q10 parece ter uma importante aplicabilidade. Emami A et al (2018 e 2019) selecionaram 36 nadadores de elite e promoveram suplementa\u00e7\u00e3o de 300mg\/dia de Coq10 por 14 dias e observaram redu\u00e7\u00e3o significativa dos marcadores inflamat\u00f3rios e de estresse oxidativo bem como do cortisol, epinefrina e noraepinefrina e da contagem total de leuc\u00f3citos, assim como redu\u00e7\u00e3o dos danos ao m\u00fasculo card\u00edaco. Segundo os autores, os benef\u00edcios foram evidentes na medida em que atletas que apresentam estresse oxidativo e inflama\u00e7\u00e3o exacerbada de forma cr\u00f4nica tem maior risco de les\u00e3o miofibrilar esquel\u00e9tica, danos no cora\u00e7\u00e3o, imunossupress\u00e3o e perda de rendimento.   <\/p>\n\n\n\n<p style=\"text-align:justify;\"><strong>Fonte: <\/strong> <\/p>\n\n\n\n<p style=\"text-align:justify;\" class=\"has-small-font-size\">Barcelos IP, et al. CoQ10 and Aging. Biology (Basel). 2019 May 11;8(2).  <\/p>\n\n\n\n<p style=\"text-align:justify;\" class=\"has-small-font-size\">Crane, FL. Biochemical functions of coenzyme Q10. J Am Coll Nutr. 2001 Dec;20(6):591-8.  <\/p>\n\n\n\n<p style=\"text-align:justify;\" class=\"has-small-font-size\">Emami A. The Impact of Pre-Cooling and CoQ10 Supplementation on Mediators of Inflammatory Cytokines in Elite Swimmers. Nutr Cancer. 2019 May 16:1-11.  <\/p>\n\n\n\n<p style=\"text-align:justify;\" class=\"has-small-font-size\">Emami A, et al. The effect of short-term coenzyme Q10 supplementation and pre-cooling strategy on cardiac damage markers in elite swimmers. Br J Nutr. 2018 Feb;119(4):381-390.  <\/p>\n","protected":false},"excerpt":{"rendered":"<p>No \u00e2mbito esportivo, a suplementa\u00e7\u00e3o de coenzima Q10 parece ter uma importante aplicabilidade.<\/p>\n","protected":false},"author":6,"featured_media":186,"comment_status":"open","ping_status":"open","sticky":false,"template":"","format":"standard","meta":{"spay_email":""},"categories":[3],"tags":[15,92,100,115],"jetpack_featured_media_url":"\/wp-content\/uploads\/2019\/08\/q10.png","jetpack-related-posts":[{"id":980,"url":"https:\/\/alliviciblog.azurewebsites.net\/index.php\/2022\/03\/24\/nutricao-e-saude-da-mulher\/","url_meta":{"origin":185,"position":0},"title":"Artigo Cient\u00edfico: Nutri\u00e7\u00e3o e Sa\u00fade da Mulher","date":"24 de mar\u00e7o de 2022","format":false,"excerpt":"Durante o m\u00eas de mar\u00e7o, muitos temas relacionados \u00e0 sa\u00fade da mulher tiveram protagonismo. Na nutri\u00e7\u00e3o n\u00e3o foi diferente! Inclusive, voc\u00ea sabia que h\u00e1 uma \u00e1rea de estudo especializada em sa\u00fade nutricional da mulher? Abordaremos alguns pontos apresentados em um recente estudo sobre a associa\u00e7\u00e3o entre dieta e desordens ginecol\u00f3gicas.\u2026","rel":"","context":"Em &quot;Atualidades&quot;","img":{"alt_text":"","src":"\/wp-content\/uploads\/2022\/03\/52-e1648060591601.png","width":350,"height":200},"classes":[]},{"id":455,"url":"https:\/\/alliviciblog.azurewebsites.net\/index.php\/2021\/04\/16\/alimentacao-e-doencas-reumaticas-voce-sabe-a-relacao\/","url_meta":{"origin":185,"position":1},"title":"Alimenta\u00e7\u00e3o e doen\u00e7as reum\u00e1ticas, voc\u00ea sabe a rela\u00e7\u00e3o?","date":"16 de abril de 2021","format":false,"excerpt":"Doen\u00e7as reum\u00e1ticas s\u00e3o condi\u00e7\u00f5es cr\u00f4nicas de sa\u00fade e por isso tamb\u00e9m merecem aten\u00e7\u00e3o quanto \u00e0 alimenta\u00e7\u00e3o. Estrat\u00e9gias nutricionais podem ser utilizadas de forma complementar ao tratamento. O que estudos cient\u00edficos falam sobre a tem\u00e1tica?","rel":"","context":"Em &quot;Atualidades&quot;","img":{"alt_text":"","src":"\/wp-content\/uploads\/2021\/04\/blog-e1618404801426.jpg","width":350,"height":200},"classes":[]},{"id":271,"url":"https:\/\/alliviciblog.azurewebsites.net\/index.php\/2020\/04\/09\/saiba-mais-sobre-as-diferencas-entre-os-leites-e-as-bebidas-vegetais\/","url_meta":{"origin":185,"position":2},"title":"Saiba mais sobre as diferen\u00e7as entre os leites e as bebidas vegetais","date":"9 de abril de 2020","format":false,"excerpt":"Com o aumento da alergia \u00e0 prote\u00edna ao leite de vaca e intoler\u00e2ncia \u00e0 lactose, entender as diferen\u00e7as entre os leites e bebidas vegetais \u00e9 fundamental!","rel":"","context":"Em &quot;Nutri\u00e7\u00e3o Materno-Infantil&quot;","img":{"alt_text":"","src":"\/wp-content\/uploads\/2020\/04\/leites.png","width":350,"height":200},"classes":[]},{"id":291,"url":"https:\/\/alliviciblog.azurewebsites.net\/index.php\/2020\/06\/26\/o-acucar-e-viciante\/","url_meta":{"origin":185,"position":3},"title":"O A\u00e7\u00facar \u00e9 VICIANTE?","date":"26 de junho de 2020","format":false,"excerpt":"A\u00e7\u00facar causa v\u00edcio?","rel":"","context":"Em &quot;Atualidades&quot;","img":{"alt_text":"","src":"\/wp-content\/uploads\/2020\/06\/alimentac3a7c3a3o-na-infc3a2ncia.jpg","width":350,"height":200},"classes":[]},{"id":104,"url":"https:\/\/alliviciblog.azurewebsites.net\/index.php\/2019\/06\/21\/minha-histora-com-a-nutricao-2\/","url_meta":{"origin":185,"position":4},"title":"MINHA HIST\u00d3RA COM A\u00a0NUTRI\u00c7\u00c3O","date":"21 de junho de 2019","format":false,"excerpt":"Voc\u00ea nutricionista tem saudades da sua \u00e9poca da faculdade? E voc\u00ea estudante? N\u00e3o v\u00ea o momento de se formar?","rel":"","context":"Em &quot;Estudante de Nutri\u00e7\u00e3o&quot;","img":{"alt_text":"","src":"\/wp-content\/uploads\/2019\/06\/capa.png","width":350,"height":200},"classes":[]},{"id":354,"url":"https:\/\/alliviciblog.azurewebsites.net\/index.php\/2021\/03\/12\/novo-posicionamento-sobre-consumo-de-gorduras\/","url_meta":{"origin":185,"position":5},"title":"Novo posicionamento sobre consumo de gorduras","date":"12 de mar\u00e7o de 2021","format":false,"excerpt":"A Sociedade Brasileira de Cardiologia divulgou um Posicionamento sobre o Consumo de Gorduras e Sa\u00fade Cardiovascular. O que h\u00e1 de evid\u00eancia nessa tem\u00e1tica atualmente?","rel":"","context":"Em &quot;Atualidades&quot;","img":{"alt_text":"","src":"\/wp-content\/uploads\/2021\/03\/imagem-gorduras-blog-e1758594772318.jpg","width":350,"height":200},"classes":[]}],"_links":{"self":[{"href":"https:\/\/alliviciblog.azurewebsites.net\/index.php\/wp-json\/wp\/v2\/posts\/185"}],"collection":[{"href":"https:\/\/alliviciblog.azurewebsites.net\/index.php\/wp-json\/wp\/v2\/posts"}],"about":[{"href":"https:\/\/alliviciblog.azurewebsites.net\/index.php\/wp-json\/wp\/v2\/types\/post"}],"author":[{"embeddable":true,"href":"https:\/\/alliviciblog.azurewebsites.net\/index.php\/wp-json\/wp\/v2\/users\/6"}],"replies":[{"embeddable":true,"href":"https:\/\/alliviciblog.azurewebsites.net\/index.php\/wp-json\/wp\/v2\/comments?post=185"}],"version-history":[{"count":0,"href":"https:\/\/alliviciblog.azurewebsites.net\/index.php\/wp-json\/wp\/v2\/posts\/185\/revisions"}],"wp:featuredmedia":[{"embeddable":true,"href":"https:\/\/alliviciblog.azurewebsites.net\/index.php\/wp-json\/wp\/v2\/media\/186"}],"wp:attachment":[{"href":"https:\/\/alliviciblog.azurewebsites.net\/index.php\/wp-json\/wp\/v2\/media?parent=185"}],"wp:term":[{"taxonomy":"category","embeddable":true,"href":"https:\/\/alliviciblog.azurewebsites.net\/index.php\/wp-json\/wp\/v2\/categories?post=185"},{"taxonomy":"post_tag","embeddable":true,"href":"https:\/\/alliviciblog.azurewebsites.net\/index.php\/wp-json\/wp\/v2\/tags?post=185"}],"curies":[{"name":"wp","href":"https:\/\/api.w.org\/{rel}","templated":true}]}}