{"id":1311,"date":"2022-11-10T14:00:00","date_gmt":"2022-11-10T17:00:00","guid":{"rendered":"https:\/\/alliviciblog.azurewebsites.net\/?p=1311"},"modified":"2023-01-06T12:33:07","modified_gmt":"2023-01-06T15:33:07","slug":"dia-mundial-do-diabetes","status":"publish","type":"post","link":"https:\/\/alliviciblog.azurewebsites.net\/index.php\/2022\/11\/10\/dia-mundial-do-diabetes\/","title":{"rendered":"Dia Mundial do Diabetes"},"content":{"rendered":"\n<p>Diabetes Mellitus (DM) \u00e9 uma <strong>doen\u00e7a cr\u00f4nica multifatorial<\/strong>, na qual o corpo possui defici\u00eancia na s\u00edntese de insulina, ou em utilizar a que produz (<a href=\"https:\/\/www.diabetes.org.br\/\">1<\/a>). \u00c9 uma condi\u00e7\u00e3o de importante impacto na sa\u00fade p\u00fablica, atingindo <strong>16,5 milh\u00f5es<\/strong> de brasileiros (<a href=\"https:\/\/www.diabetes.org.br\/publico\/images\/Atlas-IDF-2019.pptx.pdf\">2<\/a>). Pensando no Dia Mundial do Diabetes trouxemos estrat\u00e9gias nutricionais, materiais e p\u00e1ginas que abordam essa tem\u00e1tica t\u00e3o importante:<\/p>\n\n\n\n<p><strong><span style=\"color:#0071a1\" class=\"has-inline-color\">Estrat\u00e9gias Nutricionais<\/span><\/strong><\/p>\n\n\n\n<ul><li><strong>Macronutrientes<\/strong>: carboidratos n\u00e3o precisam ser restringidos, o consumo deve ser adequado \u00e0s necessidades nutricionais individuais. Tamb\u00e9m deve haver muita aten\u00e7\u00e3o ao consumo de gorduras e ao perfil de \u00e1cidos graxos consumidos;<\/li><\/ul>\n\n\n\n<ul><li><strong>Uso de edulcorantes<\/strong>: em possibilidade de acesso e compra de produtos mais naturais, como est\u00e9via, fica a sugest\u00e3o de orientar o consumo desses ado\u00e7antes, podendo acontecer em substitui\u00e7\u00e3o dos comumente utilizados;&nbsp;<\/li><\/ul>\n\n\n\n<ul><li><strong>Orientar o consumo de a\u00e7\u00facar de mesa: <\/strong>dependendo da intensidade do quadro cl\u00ednico, do n\u00edvel de educa\u00e7\u00e3o nutricional, assim como do controle no consumo de carboidratos, n\u00e3o se faz necess\u00e1rio a substitui\u00e7\u00e3o do a\u00e7\u00facar por edulcorantes, a estrat\u00e9gia de contagem de carboidratos pode ser aplicada, por exemplo;&nbsp;<\/li><\/ul>\n\n\n\n<ul><li><strong>Micronutrientes:<\/strong> uma aten\u00e7\u00e3o especial deve ser voltada para o \u00e1cido f\u00f3lico e a vitamina B12, quando h\u00e1 o uso de metformina. Tamb\u00e9m \u00e9 importante monitorar o consumo alimentar, e n\u00edveis plasm\u00e1ticos, de zinco, magn\u00e9sio e vitamina D. A suplementa\u00e7\u00e3o s\u00f3 \u00e9 indicada em casos de defici\u00eancia nutricional.<\/li><\/ul>\n\n\n\n<p><strong><span style=\"color:#0071a1\" class=\"has-inline-color\">Materiais t\u00e9cnicos e educativos&nbsp;<\/span><\/strong><\/p>\n\n\n\n<div class=\"wp-block-image is-style-default\"><figure class=\"aligncenter is-resized\"><img loading=\"lazy\" src=\"https:\/\/blog.allivici.com\/wp-content\/uploads\/2021\/11\/header_glic_prato_app-1536x864-1-1024x576.jpg\" alt=\"\" class=\"wp-image-845\" width=\"589\" height=\"331\" srcset=\"\/wp-content\/uploads\/2021\/11\/header_glic_prato_app-1536x864-1-1024x576.jpg 1024w, \/wp-content\/uploads\/2021\/11\/header_glic_prato_app-1536x864-1-300x169.jpg 300w, \/wp-content\/uploads\/2021\/11\/header_glic_prato_app-1536x864-1-768x432.jpg 768w, \/wp-content\/uploads\/2021\/11\/header_glic_prato_app-1536x864-1.jpg 1536w\" sizes=\"(max-width: 589px) 100vw, 589px\" \/><\/figure><\/div>\n\n\n\n<ul><li>Manual de Contagem de Carboidratos: material da Sociedade Brasileira de Diabetes,&nbsp;<a rel=\"noreferrer noopener\" href=\"https:\/\/www.yumpu.com\/pt\/document\/view\/59454710\/novo-manual-de-contagem-de-carboidratos\" target=\"_blank\">acesse aqui<\/a>.<\/li><li>Aplicativo GLIC: contagem de carboidratos, suporte ao tratamento com lembretes, registro e transmiss\u00e3o dos dados de controle glic\u00eamico, c\u00e1lculo de insulina&nbsp;<em>bolus<\/em>. Confira em:&nbsp;<a href=\"https:\/\/gliconline.net\/\" target=\"_blank\" rel=\"noreferrer noopener\">gliconline.net<\/a><\/li><\/ul>\n\n\n\n<p><strong><span style=\"color:#0071a1\" class=\"has-inline-color\">P\u00e1ginas profissionais da \u00e1rea&nbsp;<\/span><\/strong><\/p>\n\n\n\n<div class=\"wp-block-image is-style-default\"><figure class=\"aligncenter size-full is-resized\"><img loading=\"lazy\" src=\"\/wp-content\/uploads\/2022\/11\/Screen-Shot-2022-11-07-at-3.09.41-PM.png\" alt=\"\" class=\"wp-image-1312\" width=\"469\" height=\"316\" srcset=\"\/wp-content\/uploads\/2022\/11\/Screen-Shot-2022-11-07-at-3.09.41-PM.png 774w, \/wp-content\/uploads\/2022\/11\/Screen-Shot-2022-11-07-at-3.09.41-PM-300x203.png 300w, \/wp-content\/uploads\/2022\/11\/Screen-Shot-2022-11-07-at-3.09.41-PM-768x519.png 768w, \/wp-content\/uploads\/2022\/11\/Screen-Shot-2022-11-07-at-3.09.41-PM-360x242.png 360w\" sizes=\"(max-width: 469px) 100vw, 469px\" \/><figcaption>https:\/\/diabetes.org.br\/e-books-publico\/<\/figcaption><\/figure><\/div>\n\n\n\n<ul><li><strong>Sociedade Brasileira de Diabetes<\/strong>: possui diversos materiais e&nbsp;<em>guidelines<\/em>, confira em&nbsp;<a href=\"https:\/\/www.diabetes.org.br\/publico\/\" target=\"_blank\" rel=\"noreferrer noopener\">diabetes.org.br\/publico\/<\/a>&nbsp;<\/li><li><strong>Associa\u00e7\u00e3o de Diabetes Juvenil<\/strong>: voc\u00ea encontra eventos, materiais e atendimento gratuito em&nbsp;<a href=\"https:\/\/adj.org.br\/viver-bem\/atendimentos-individuais\/\" target=\"_blank\" rel=\"noreferrer noopener\">adj.org.br\/<\/a>&nbsp;<\/li><li><strong>P\u00e1gina oficial Dia Mundial do Diabetes<\/strong>: outras informa\u00e7\u00f5es e materiais podem ser encontrados em&nbsp;<a rel=\"noreferrer noopener\" href=\"https:\/\/novembrodiabetesazul.com.br\/\" target=\"_blank\">novembrodiabetesazul.com.br<\/a><\/li><\/ul>\n\n\n\n<p><strong>At\u00e9 mais!<\/strong><\/p>\n","protected":false},"excerpt":{"rendered":"<p>Pensando no Dia Mundial do Diabetes, n\u00f3s trouxemos estrat\u00e9gias nutricionais, materiais e p\u00e1ginas que abordam essa tem\u00e1tica t\u00e3o importante. Confira! <\/p>\n","protected":false},"author":9,"featured_media":1316,"comment_status":"open","ping_status":"open","sticky":false,"template":"","format":"standard","meta":{"spay_email":""},"categories":[2],"tags":[28,185,284,100,115],"jetpack_featured_media_url":"\/wp-content\/uploads\/2022\/11\/pexels-nataliya-vaitkevich-6940870-scaled.jpg","jetpack-related-posts":[{"id":842,"url":"https:\/\/alliviciblog.azurewebsites.net\/index.php\/2021\/11\/11\/cuidado-nutricional-diabetes\/","url_meta":{"origin":1311,"position":0},"title":"Estrat\u00e9gias Nutricionais: Diabetes","date":"11 de novembro de 2021","format":false,"excerpt":"Diabetes Mellitus (DM) \u00e9 uma doen\u00e7a cr\u00f4nica multifatorial, na qual o corpo possui defici\u00eancia na s\u00edntese de insulina, ou em utilizar a que produz. Em lembrete ao Dia Mundial do Diabetes, n\u00f3s trouxemos estrat\u00e9gias nutricionais, materiais e p\u00e1ginas que abordam essa tem\u00e1tica t\u00e3o importante.","rel":"","context":"Em &quot;Atualidades&quot;","img":{"alt_text":"","src":"\/wp-content\/uploads\/2021\/11\/glicose.png","width":350,"height":200},"classes":[]},{"id":1604,"url":"https:\/\/alliviciblog.azurewebsites.net\/index.php\/2023\/11\/14\/cuidado-nutricional-diabetes-mellitus\/","url_meta":{"origin":1311,"position":1},"title":"Cuidado Nutricional: Diabetes Mellitus","date":"14 de novembro de 2023","format":false,"excerpt":"A cada ano, no dia 14 de novembro, o mundo todo \u00e9 lembrado sobre os cuidados de preven\u00e7\u00e3o e tratamento para Diabetes Mellitus. No Blog do Software Allivici j\u00e1 trouxemos diversas postagens sobre o tema. Relembre dos cuidados nutricionais necess\u00e1rios para essa condi\u00e7\u00e3o de sa\u00fade no texto de hoje!","rel":"","context":"Em &quot;Atualidades&quot;","img":{"alt_text":"","src":"\/wp-content\/uploads\/2023\/11\/Capas-Blog.png","width":350,"height":200},"classes":[]},{"id":1521,"url":"https:\/\/alliviciblog.azurewebsites.net\/index.php\/2023\/06\/20\/dia-nacional-do-diabetes-cuidado-nutricional-no-dm\/","url_meta":{"origin":1311,"position":2},"title":"Dia Nacional do Diabetes","date":"20 de junho de 2023","format":false,"excerpt":"Voc\u00ea j\u00e1 visitou o \u00faltimo update da Sociedade Brasileira de Diabetes? J\u00e1 conferiu a nossa aula com orienta\u00e7\u00f5es nutricionais importantes? Al\u00e9m das peculiaridades nutricionais em cada caso, o profissional tamb\u00e9m precisa considerar em suas prescri\u00e7\u00f5es o quanto a condi\u00e7\u00e3o atual do paciente impacta n\u00e3o apenas em seu cotidiano, mas tamb\u00e9m\u2026","rel":"","context":"Em &quot;Atualidades&quot;","img":{"alt_text":"","src":"\/wp-content\/uploads\/2023\/06\/2-e1686417376543.png","width":350,"height":200},"classes":[]},{"id":2070,"url":"https:\/\/alliviciblog.azurewebsites.net\/index.php\/2024\/09\/17\/artigo-cientifico-efeito-do-uso-de-canela-na-resposta-glicemica-de-adultos-em-pre-diabetes\/","url_meta":{"origin":1311,"position":3},"title":"Artigo Cient\u00edfico: Efeito do uso de canela na resposta glic\u00eamica de adultos em pr\u00e9-diabetes","date":"17 de setembro de 2024","format":false,"excerpt":"Pr\u00e9-diabetes \u00e9 uma situa\u00e7\u00e3o que, em alguns casos, ainda pode ser revertida. J\u00e1 em outros, tamb\u00e9m com o tratamento, \u00e9 poss\u00edvel reduzir a evolu\u00e7\u00e3o do diabetes e as suas complica\u00e7\u00f5es. Por isso, tantos estudos investigam estrat\u00e9gias para pacientes com pr\u00e9-diabetes. Confira no texto de hoje um estudo que analisou o\u2026","rel":"","context":"Em &quot;Atualidades&quot;","img":{"alt_text":"","src":"\/wp-content\/uploads\/2024\/09\/Capas-Blog-e1725828564431.png","width":350,"height":200},"classes":[]},{"id":323,"url":"https:\/\/alliviciblog.azurewebsites.net\/index.php\/2021\/03\/05\/dia-mundial-da-obesidade\/","url_meta":{"origin":1311,"position":4},"title":"Dia Mundial da Obesidade","date":"5 de mar\u00e7o de 2021","format":false,"excerpt":"Dia 04\/03 \u00e9 o Dia Mundial da Obesidade e o blog de hoje \u00e9 sobre o papel da escuta do nutricionista nessa condi\u00e7\u00e3o multifatorial de sa\u00fade, a qual ainda \u00e9 mal compreendida por muitos!","rel":"","context":"Em &quot;Atualidades&quot;","img":{"alt_text":"","src":"\/wp-content\/uploads\/2021\/03\/obesidade-e1637844630457.jpg","width":350,"height":200},"classes":[]},{"id":1273,"url":"https:\/\/alliviciblog.azurewebsites.net\/index.php\/2022\/09\/29\/atualidades-dia-mundial-do-coracao\/","url_meta":{"origin":1311,"position":5},"title":"Dia Mundial do Cora\u00e7\u00e3o","date":"29 de setembro de 2022","format":false,"excerpt":"As doen\u00e7as cardiovasculares s\u00e3o destaque no \u00edndice de mortalidade entre os brasileiros. A ades\u00e3o ao tratamento \u00e9 muito importante para a redu\u00e7\u00e3o dos fatores de risco, como sedentarismo, tabagismo e alimenta\u00e7\u00e3o inadequada. Saiba algumas estrat\u00e9gias nutricionais capazes de contribuir para a preven\u00e7\u00e3o!","rel":"","context":"Em &quot;Atualidades&quot;","img":{"alt_text":"","src":"\/wp-content\/uploads\/2022\/09\/Screen-Shot-2022-09-24-at-4.37.09-PM.png","width":350,"height":200},"classes":[]}],"_links":{"self":[{"href":"https:\/\/alliviciblog.azurewebsites.net\/index.php\/wp-json\/wp\/v2\/posts\/1311"}],"collection":[{"href":"https:\/\/alliviciblog.azurewebsites.net\/index.php\/wp-json\/wp\/v2\/posts"}],"about":[{"href":"https:\/\/alliviciblog.azurewebsites.net\/index.php\/wp-json\/wp\/v2\/types\/post"}],"author":[{"embeddable":true,"href":"https:\/\/alliviciblog.azurewebsites.net\/index.php\/wp-json\/wp\/v2\/users\/9"}],"replies":[{"embeddable":true,"href":"https:\/\/alliviciblog.azurewebsites.net\/index.php\/wp-json\/wp\/v2\/comments?post=1311"}],"version-history":[{"count":7,"href":"https:\/\/alliviciblog.azurewebsites.net\/index.php\/wp-json\/wp\/v2\/posts\/1311\/revisions"}],"predecessor-version":[{"id":1380,"href":"https:\/\/alliviciblog.azurewebsites.net\/index.php\/wp-json\/wp\/v2\/posts\/1311\/revisions\/1380"}],"wp:featuredmedia":[{"embeddable":true,"href":"https:\/\/alliviciblog.azurewebsites.net\/index.php\/wp-json\/wp\/v2\/media\/1316"}],"wp:attachment":[{"href":"https:\/\/alliviciblog.azurewebsites.net\/index.php\/wp-json\/wp\/v2\/media?parent=1311"}],"wp:term":[{"taxonomy":"category","embeddable":true,"href":"https:\/\/alliviciblog.azurewebsites.net\/index.php\/wp-json\/wp\/v2\/categories?post=1311"},{"taxonomy":"post_tag","embeddable":true,"href":"https:\/\/alliviciblog.azurewebsites.net\/index.php\/wp-json\/wp\/v2\/tags?post=1311"}],"curies":[{"name":"wp","href":"https:\/\/api.w.org\/{rel}","templated":true}]}}