{"id":1089,"date":"2022-05-26T14:00:00","date_gmt":"2022-05-26T17:00:00","guid":{"rendered":"https:\/\/alliviciblog.azurewebsites.net\/?p=1089"},"modified":"2022-05-24T13:10:20","modified_gmt":"2022-05-24T16:10:20","slug":"transtornos-alimentares-qual-e-o-papel-do-nutricionista","status":"publish","type":"post","link":"https:\/\/alliviciblog.azurewebsites.net\/index.php\/2022\/05\/26\/transtornos-alimentares-qual-e-o-papel-do-nutricionista\/","title":{"rendered":"Transtornos alimentares: qual \u00e9 o papel do nutricionista?"},"content":{"rendered":"\n<p>Os<strong> transtornos alimentares (TA)<\/strong> s\u00e3o condi\u00e7\u00f5es<strong> <\/strong>psiqui\u00e1tricas, com etiologia multifatorial, e que apresentam comportamentos inadequados para a perda ou a manuten\u00e7\u00e3o do peso corporal, entre outros aspectos cl\u00ednicos (<a href=\"https:\/\/astralbr.org\/saiba-mais\/\" target=\"_blank\" rel=\"noreferrer noopener\">1<\/a>).<\/p>\n\n\n\n<p>Para um melhor tratamento e progn\u00f3stico \u00e9 preconizado que o acompanhamento seja <strong>multidisciplinar<\/strong>. Assim, diferentes aspectos s\u00e3o trabalhados: <\/p>\n\n\n\n<blockquote class=\"wp-block-quote\"><p><em>\u201cCompreender sobre a rela\u00e7\u00e3o dos transtornos alimentares abre espa\u00e7o para reflex\u00f5es acerca (&#8230;) de poss\u00edveis estrat\u00e9gias de interven\u00e7\u00f5es que considerem o paciente como um todo, ou seja, amplia o olhar do transtorno alimentar desde aspectos emocionais, comportamentais, nutricionais, de humor, e de cogni\u00e7\u00e3o que possam estar impactados pelo diagn\u00f3stico.\u201d<\/em><\/p><cite><sub>Ana Carolina Rost de Borba G. R.; Andressa Aparecida G. G. Salem para: <a rel=\"noreferrer noopener\" href=\"https:\/\/sbnpbrasil.com.br\/wp-content\/uploads\/2021\/05\/04-Boletim_Abr-21.pdf\" target=\"_blank\">https:\/\/sbnpbrasil.com.br\/wp-content\/uploads\/2021\/05\/04-Boletim_Abr-21.pdf<\/a>\u00a0<\/sub><\/cite><\/blockquote>\n\n\n\n<p><strong>Ent\u00e3o, qual \u00e9 o papel do nutricionista?<\/strong><\/p>\n\n\n\n<p>A psiquiatria e psicologia ser\u00e3o a base do tratamento, no entanto, outros profissionais s\u00e3o importantes em uma equipe multidisciplinar, como os nutricionistas. Al\u00e9m de realizarem a <strong>avalia\u00e7\u00e3o<\/strong> nutricional, tamb\u00e9m podem desenvolver <strong>estrat\u00e9gias<\/strong> que permitam mudan\u00e7as na alimenta\u00e7\u00e3o.<\/p>\n\n\n\n<p>No entanto, o <strong>encaminhamento<\/strong> para profissionais que possuem capacita\u00e7\u00e3o t\u00e9cnica deve ser realizado; pois o modelo de prescri\u00e7\u00e3o diet\u00e9tica tradicional<strong> <\/strong>n\u00e3o \u00e9 a conduta indicada para o tratamento de transtornos alimentares.<\/p>\n\n\n\n<div class=\"wp-block-cover aligncenter has-background-dim-10 has-background-dim\" style=\"min-height:108px\"><img loading=\"lazy\" width=\"1024\" height=\"507\" class=\"wp-block-cover__image-background wp-image-540\" alt=\"\" src=\"\/wp-content\/uploads\/2021\/06\/diana-polekhina-opb7gkqy9oc-unsplash-e1622637163886-1024x507.jpg\" style=\"object-position:14% 14%\" data-object-fit=\"cover\" data-object-position=\"14% 14%\" srcset=\"\/wp-content\/uploads\/2021\/06\/diana-polekhina-opb7gkqy9oc-unsplash-e1622637163886-1024x507.jpg 1024w, \/wp-content\/uploads\/2021\/06\/diana-polekhina-opb7gkqy9oc-unsplash-e1622637163886-300x148.jpg 300w, \/wp-content\/uploads\/2021\/06\/diana-polekhina-opb7gkqy9oc-unsplash-e1622637163886-768x380.jpg 768w\" sizes=\"(max-width: 1024px) 100vw, 1024px\" \/><div class=\"wp-block-cover__inner-container\">\n<p style=\"font-size:25px\"><strong>Nutri, tenha aten\u00e7\u00e3o:<\/strong><\/p>\n<\/div><\/div>\n\n\n\n<p>Mesmo assim, todos os profissionais precisam saber<strong> identificar<\/strong> poss\u00edveis sinais e comportamentos disfuncionais, tornando a identifica\u00e7\u00e3o mais precoce do quadro poss\u00edvel, como um melhor progn\u00f3stico.&nbsp;Sempre observe esses <strong>cinco pontos<\/strong>: <\/p>\n\n\n\n<ul><li>Uso de m\u00e9todos <strong>purgativos<\/strong> (laxantes, diur\u00e9ticos ou indu\u00e7\u00e3o do v\u00f4mito);<\/li><li>Pr\u00e1tica disfuncional de <strong>exerc\u00edcios<\/strong> f\u00edsicos (alta frequ\u00eancia ou dura\u00e7\u00e3o);<\/li><li>Realiza\u00e7\u00e3o frequente de <strong>jejuns<\/strong> para controle do peso corporal;<\/li><li><strong>Preocupa\u00e7\u00e3o<\/strong> excessiva com o peso e a forma corporal;<\/li><li>Regras <strong>inflex\u00edveis<\/strong> em rela\u00e7\u00e3o \u00e0 alimenta\u00e7\u00e3o.<\/li><\/ul>\n\n\n\n<p>Mais informa\u00e7\u00f5es sobre outros pontos de aten\u00e7\u00e3o e os fatores de risco voc\u00ea pode <strong>encontrar <\/strong>nessa revis\u00e3o de meta-an\u00e1lises:&nbsp; <a href=\"https:\/\/pubmed.ncbi.nlm.nih.gov\/32997075\/\" target=\"_blank\" rel=\"noreferrer noopener\">https:\/\/pubmed.ncbi.nlm.nih.gov\/32997075\/<\/a>.<\/p>\n\n\n\n<p><strong>Outras sugest\u00f5es de materiais:&nbsp;<\/strong><\/p>\n\n\n\n<ul><li><a href=\"https:\/\/www.manole.com.br\/nutricao-clinica-estudos-de-casos-2-edicao\/p?idsku=3414&amp;gclid=Cj0KCQjw-JyUBhCuARIsANUqQ_LFM_WD3wJrbVaSeqZ3I9h6KqHEErMjjftD5WfIr2oCcN2mnw6QXiIaAgOZEALw_wcB\" target=\"_blank\" rel=\"noreferrer noopener\"><strong>Nutri\u00e7\u00e3o Cl\u00ednica &#8211; Estudos de casos comentados<\/strong><\/a> &#8211; Rita de C\u00e1ssia de Aquino e Sonia Tucunduva Philippi (Editora Manole): Conta com relato de casos, descri\u00e7\u00e3o do acompanhamento de pacientes e as condutas diet\u00e9ticas adotadas ao longo do tratamento para transtornos alimentares.&nbsp;<\/li><\/ul>\n\n\n\n<ul><li><a href=\"https:\/\/www.amazon.com.br\/Transtornos-Alimentares-Jose-Carlos-Appolinario\/dp\/6558820315\/ref=sr_1_1?crid=2J3X8CK1Q76TY&amp;keywords=transtornos+alimentares&amp;qid=1653058518&amp;sprefix=transtorno%2Caps%2C242&amp;sr=8-1&amp;ufe=app_do%3Aamzn1.fos.25548f35-0de7-44b3-b28e-0f56f3f96147\" target=\"_blank\" rel=\"noreferrer noopener\"><strong>Transtornos Alimentares: Diagn\u00f3stico e Manejo<\/strong><\/a> &#8211; organizado por Jos\u00e9 Carlos Appolinario, Maria Ang\u00e9lica Nunes e T\u00e1ki Athan\u00e1ssios Cord\u00e1s (Editora Artmed): Para quem busca por um livro de apoio mais atualizado, essa \u00e9 uma \u00f3tima op\u00e7\u00e3o.&nbsp;<\/li><\/ul>\n\n\n\n<p><strong>At\u00e9 mais!<\/strong><\/p>\n","protected":false},"excerpt":{"rendered":"<p>Em lembrete ao Dia Mundial de Conscientiza\u00e7\u00e3o dos Transtornos Alimentares (02\/06) o texto de hoje ressalta pontos importantes sobre o tema. Em especial, direcionado aos nutricionistas, pois lidam diariamente com a alimenta\u00e7\u00e3o das pessoas. Confira!<\/p>\n","protected":false},"author":9,"featured_media":1090,"comment_status":"open","ping_status":"open","sticky":false,"template":"","format":"standard","meta":{"spay_email":""},"categories":[2],"tags":[45,142,100,252,251,110,115,160],"jetpack_featured_media_url":"\/wp-content\/uploads\/2022\/05\/Screen-Shot-2022-05-24-at-12.48.16-PM-e1653407426394.png","jetpack-related-posts":[{"id":536,"url":"https:\/\/alliviciblog.azurewebsites.net\/index.php\/2021\/06\/04\/os-5-sinais-de-atencao-para-transtornos-alimentares\/","url_meta":{"origin":1089,"position":0},"title":"Os 5 Sinais de Aten\u00e7\u00e3o para Transtornos Alimentares","date":"4 de junho de 2021","format":false,"excerpt":"A \u00faltima quarta-feira (02\/06) foi o Dia Mundial de Conscientiza\u00e7\u00e3o dos Transtornos Alimentares. \u00c9 imprescind\u00edvel que todos os nutricionistas tenham aten\u00e7\u00e3o aos sinais de transtornos alimentares. Conhe\u00e7a 5 importantes lendo o texto na \u00edntegra!","rel":"","context":"Em &quot;Atualidades&quot;","img":{"alt_text":"","src":"\/wp-content\/uploads\/2021\/06\/diana-polekhina-opb7gkqy9oc-unsplash-e1622637163886.jpg","width":350,"height":200},"classes":[]},{"id":1243,"url":"https:\/\/alliviciblog.azurewebsites.net\/index.php\/2022\/09\/01\/vida-de-nutricionista-setembro-amarelo\/","url_meta":{"origin":1089,"position":1},"title":"A import\u00e2ncia de Setembro Amarelo para o Nutricionista","date":"1 de setembro de 2022","format":false,"excerpt":"No Brasil, aproximadamente 12 mil casos de suic\u00eddio s\u00e3o registrados todos os anos, com quase 97% desses associados a algum transtorno psiqui\u00e1trico. Os profissionais da sa\u00fade podem, e devem, ser os principais capacitados na identifica\u00e7\u00e3o de poss\u00edveis sinais de aten\u00e7\u00e3o. Ent\u00e3o, teria o nutricionista um papel nesse cen\u00e1rio?","rel":"","context":"Em &quot;Atualidades&quot;","img":{"alt_text":"","src":"\/wp-content\/uploads\/2022\/08\/setembro-amarelo-1200x675-1-e1661369381685.jpg","width":350,"height":200},"classes":[]},{"id":761,"url":"https:\/\/alliviciblog.azurewebsites.net\/index.php\/2021\/09\/10\/setembro-amarelo-qual-o-papel-do-nutricionista-nesse-cenario\/","url_meta":{"origin":1089,"position":2},"title":"Setembro Amarelo - Qual o papel do nutricionista nesse cen\u00e1rio?","date":"10 de setembro de 2021","format":false,"excerpt":"Nesse m\u00eas temos uma importante campanha que merece a aten\u00e7\u00e3o de todos, principalmente entre os profissionais de sa\u00fade, a do \"Setembro Amarelo\". Inclusive, hoje (10\/09) \u00e9 o Dia Mundial da Preven\u00e7\u00e3o do Suic\u00eddio.\u00a0 Apenas no Brasil aproximadamente 12 mil casos de suic\u00eddio s\u00e3o registrados todos os anos, com quase 97%\u2026","rel":"","context":"Em &quot;Atualidades&quot;","img":{"alt_text":"","src":"\/wp-content\/uploads\/2021\/09\/annie-spratt-gXQCELcnI2U-unsplash-scaled-e1631104836947.jpg","width":350,"height":200},"classes":[]},{"id":1251,"url":"https:\/\/alliviciblog.azurewebsites.net\/index.php\/2022\/09\/08\/artigo-cientifico-esporte-e-os-fatores-determinantes-nas-escolhas-alimentares\/","url_meta":{"origin":1089,"position":3},"title":"Artigo Cient\u00edfico: Esporte e os fatores determinantes nas escolhas alimentares","date":"8 de setembro de 2022","format":false,"excerpt":"A nutri\u00e7\u00e3o \u00e9 uma das bases para se atingir os resultados desejados, tanto na performance quanto na recupera\u00e7\u00e3o de atletas e esportistas. Por isso, \u00e9 importante conhecer n\u00e3o apenas as estrat\u00e9gias adequadas para cada cen\u00e1rio, como tamb\u00e9m os fatores que podem influenciar nas escolhas alimentares. O texto de hoje, baseado\u2026","rel":"","context":"Em &quot;Atualidades&quot;","img":{"alt_text":"","src":"\/wp-content\/uploads\/2022\/09\/steven-lelham-atSaEOeE8Nk-unsplash-scaled-e1662579234936.jpg","width":350,"height":200},"classes":[]},{"id":1450,"url":"https:\/\/alliviciblog.azurewebsites.net\/index.php\/2023\/03\/28\/abril-azul-nutricao-e-autismo\/","url_meta":{"origin":1089,"position":4},"title":"Abril Azul - Nutri\u00e7\u00e3o e Autismo?","date":"28 de mar\u00e7o de 2023","format":false,"excerpt":"Abril come\u00e7a com um marco, no segundo dia do m\u00eas, o Dia Mundial de Conscientiza\u00e7\u00e3o do Autismo. Com a pol\u00edtica nacional de prote\u00e7\u00e3o dos direitos da pessoa com transtorno do espectro autista \u00e9 garantido o atendimento multiprofissional e aten\u00e7\u00e3o nutricional.\u00a0Afinal, qual deve ser a aten\u00e7\u00e3o nutricional com pessoas com TEA?","rel":"","context":"Em &quot;Atualidades&quot;","img":{"alt_text":"","src":"\/wp-content\/uploads\/2023\/03\/pexels-ds-stories-9227491-scaled-e1678114288943.jpg","width":350,"height":200},"classes":[]},{"id":1632,"url":"https:\/\/alliviciblog.azurewebsites.net\/index.php\/2024\/01\/09\/janeiro-branco-qual-e-o-papel-da-nutricao-na-saude-mental\/","url_meta":{"origin":1089,"position":5},"title":"Janeiro Branco: Qual \u00e9 o papel da nutri\u00e7\u00e3o na sa\u00fade mental?","date":"9 de janeiro de 2024","format":false,"excerpt":"A cada come\u00e7o de ano todos s\u00e3o estimulados a refletir mais sobre as suas vidas, escolhas e mudan\u00e7as desejadas. Por isso, a campanha sobre sa\u00fade mental e emocional em janeiro acontece de forma muito prop\u00edcia (1). O nutricionista n\u00e3o \u00e9 o profissional respons\u00e1vel por esse cuidado, mas obter conhecimento sobre\u2026","rel":"","context":"Em &quot;Atualidades&quot;","img":{"alt_text":"","src":"\/wp-content\/uploads\/2024\/01\/1-e1704822485126.png","width":350,"height":200},"classes":[]}],"_links":{"self":[{"href":"https:\/\/alliviciblog.azurewebsites.net\/index.php\/wp-json\/wp\/v2\/posts\/1089"}],"collection":[{"href":"https:\/\/alliviciblog.azurewebsites.net\/index.php\/wp-json\/wp\/v2\/posts"}],"about":[{"href":"https:\/\/alliviciblog.azurewebsites.net\/index.php\/wp-json\/wp\/v2\/types\/post"}],"author":[{"embeddable":true,"href":"https:\/\/alliviciblog.azurewebsites.net\/index.php\/wp-json\/wp\/v2\/users\/9"}],"replies":[{"embeddable":true,"href":"https:\/\/alliviciblog.azurewebsites.net\/index.php\/wp-json\/wp\/v2\/comments?post=1089"}],"version-history":[{"count":14,"href":"https:\/\/alliviciblog.azurewebsites.net\/index.php\/wp-json\/wp\/v2\/posts\/1089\/revisions"}],"predecessor-version":[{"id":1105,"href":"https:\/\/alliviciblog.azurewebsites.net\/index.php\/wp-json\/wp\/v2\/posts\/1089\/revisions\/1105"}],"wp:featuredmedia":[{"embeddable":true,"href":"https:\/\/alliviciblog.azurewebsites.net\/index.php\/wp-json\/wp\/v2\/media\/1090"}],"wp:attachment":[{"href":"https:\/\/alliviciblog.azurewebsites.net\/index.php\/wp-json\/wp\/v2\/media?parent=1089"}],"wp:term":[{"taxonomy":"category","embeddable":true,"href":"https:\/\/alliviciblog.azurewebsites.net\/index.php\/wp-json\/wp\/v2\/categories?post=1089"},{"taxonomy":"post_tag","embeddable":true,"href":"https:\/\/alliviciblog.azurewebsites.net\/index.php\/wp-json\/wp\/v2\/tags?post=1089"}],"curies":[{"name":"wp","href":"https:\/\/api.w.org\/{rel}","templated":true}]}}