{"id":1063,"date":"2022-04-28T14:13:03","date_gmt":"2022-04-28T17:13:03","guid":{"rendered":"https:\/\/alliviciblog.azurewebsites.net\/?p=1063"},"modified":"2022-04-28T14:13:03","modified_gmt":"2022-04-28T17:13:03","slug":"alergia-ao-trigo-doenca-celiaca-e-sensibilidade-ao-gluten-nao-celiaca","status":"publish","type":"post","link":"https:\/\/alliviciblog.azurewebsites.net\/index.php\/2022\/04\/28\/alergia-ao-trigo-doenca-celiaca-e-sensibilidade-ao-gluten-nao-celiaca\/","title":{"rendered":"Alergia ao trigo, doen\u00e7a cel\u00edaca e sensibilidade ao gl\u00faten n\u00e3o cel\u00edaca"},"content":{"rendered":"\n<p>H\u00e1 anos os r\u00f3tulos de alimentos s\u00e3o obrigados a informar se h\u00e1 <strong>gl\u00faten<\/strong> nas prepara\u00e7\u00f5es e produtos devido \u00e0s condi\u00e7\u00f5es cl\u00ednicas que exigem tal restri\u00e7\u00e3o (<a href=\"https:\/\/www.camara.leg.br\/proposicoesWeb\/prop_mostrarintegra?codteor=440852&amp;filename=Legislacao\" target=\"_blank\" rel=\"noreferrer noopener\">Lei 10.674\/03<\/a>).\u00a0<\/p>\n\n\n\n<p>Desde ent\u00e3o, o termo gl\u00faten ganhou muito mais <strong>visibilidade<\/strong>, permitindo que mais pessoas passassem a ter conhecimento sobre a necessidade de tal alerta nos r\u00f3tulos. No entanto, muita desinforma\u00e7\u00e3o tamb\u00e9m ganhou espa\u00e7o.\u00a0<\/p>\n\n\n\n<p>Diferentes termos t\u00eam sido utilizados para justificar a <strong>restri\u00e7\u00e3o <\/strong>de alimentos que contenham gl\u00faten. Alguns corretos, mas outros n\u00e3o. O que seria a alergia ao trigo, doen\u00e7a cel\u00edaca e sensibilidade ao gl\u00faten n\u00e3o cel\u00edaca? H\u00e1 diferen\u00e7a?\u00a0<\/p>\n\n\n\n<p>Considerando a import\u00e2ncia da tem\u00e1tica e a sua complexidade, n\u00e3o apenas para o p\u00fablico, mas tamb\u00e9m para muitos profissionais, abordaremos de forma resumida essas distin\u00e7\u00f5es.<\/p>\n\n\n\n<p><strong><span class=\"has-inline-color has-black-color\"><span style=\"text-decoration: underline;\">Alergia ao trigo<\/span><\/span><\/strong><\/p>\n\n\n\n<p>\u00c9 uma rea\u00e7\u00e3o imunol\u00f3gica adversa, <strong>mediada por IgE<\/strong>, \u00e0s prote\u00ednas desse alimento. Os sintomas podem ser respirat\u00f3rios, gastrintestinais, e\/ou dermatol\u00f3gicos. O diagn\u00f3stico \u00e9 realizado por dosagem s\u00e9rica de IgE e o teste cut\u00e2neo &#8211; <a href=\"https:\/\/www.tuasaude.com\/teste-de-prick\/\" target=\"_blank\" rel=\"noreferrer noopener\">prick test<\/a> (<a href=\"https:\/\/www.bmj.com\/content\/345\/bmj.e7907.long\" target=\"_blank\" rel=\"noreferrer noopener\">1<\/a>).\u00a0<\/p>\n\n\n\n<p>No caso do trigo, as<strong> fra\u00e7\u00f5es proteicas<\/strong> mais comumente associadas \u00e0s rea\u00e7\u00f5es al\u00e9rgicas s\u00e3o: \u200b\u200balbumina hidrossol\u00favel, globulinas sol\u00faveis, prolaminas, gliadinas (alfa, beta, delta e \u00f4mega), glutelinas e gluteninas (<a href=\"http:\/\/aaai-asbai.org.br\/detalhe_artigo.asp?id=851\" target=\"_blank\" rel=\"noreferrer noopener\">2<\/a>).\u00a0\u00a0<\/p>\n\n\n\n<p><strong><span style=\"text-decoration: underline;\">Doen\u00e7a cel\u00edaca\u00a0<\/span><\/strong><\/p>\n\n\n\n<p>\u00c9 uma condi\u00e7\u00e3o inflamat\u00f3ria cr\u00f4nica desencadeada pelo consumo de gl\u00faten. Tem car\u00e1ter imunol\u00f3gico, mas <strong>n\u00e3o \u00e9 <\/strong>mediada por IgE. Nesse caso, com a inflama\u00e7\u00e3o h\u00e1 <strong>atrofia<\/strong> das vilosidades intestinais, m\u00e1 absor\u00e7\u00e3o dos nutrientes e manifesta\u00e7\u00f5es gastrointestinais.\u00a0<\/p>\n\n\n\n<p>O <strong>diagn\u00f3stico<\/strong> se d\u00e1 por marcadores sorol\u00f3gicos, anti-glutaminase antitecidual (AAG) e anticorpo antiendom\u00edsio (AEM), al\u00e9m da bi\u00f3psia tecidual na segunda por\u00e7\u00e3o do intestino, para confirma\u00e7\u00e3o de atrofia vilosa (<a rel=\"noreferrer noopener\" href=\"https:\/\/www.msdmanuals.com\/pt\/profissional\/dist%C3%BArbios-gastrointestinais\/s%C3%ADndromes-de-m%C3%A1-absor%C3%A7%C3%A3o\/doen%C3%A7a-cel%C3%ADaca\" target=\"_blank\">3<\/a>).\u00a0<\/p>\n\n\n\n<p>O <strong>tratamento<\/strong> consiste em uma dieta livre de gl\u00faten. Na doen\u00e7a cel\u00edaca a restri\u00e7\u00e3o pode ser mais intensa, sendo necess\u00e1rio restringir alimentos que possam ter passado por <strong>contamina\u00e7\u00e3o cruzada<\/strong>, por exemplo. Alguns pacientes n\u00e3o podem nem consumir os alimentos preparados no mesmo utens\u00edlio ou ambiente que outros com gl\u00faten.\u00a0<\/p>\n\n\n\n<p><strong><span style=\"text-decoration: underline;\">Sensibilidade ao gl\u00faten\u00a0<\/span><\/strong><\/p>\n\n\n\n<p>Idealmente, apenas <strong>ap\u00f3s<\/strong> a doen\u00e7a cel\u00edaca e a alergia ao trigo serem descartadas, a sensibilidade ao gl\u00faten n\u00e3o cel\u00edaca passa a ser considerada (<a href=\"https:\/\/www.bmj.com\/content\/345\/bmj.e7907.long\" target=\"_blank\" rel=\"noreferrer noopener\">1<\/a>). Essa sequ\u00eancia diagn\u00f3stica \u00e9 justamente por n\u00e3o haver tanto consenso quanto a esse quadro cl\u00ednico.\u00a0<\/p>\n\n\n\n<p>Inclusive, h\u00e1 estudos que indicam que antes da restri\u00e7\u00e3o de alimentos com gl\u00faten, <strong>outras condutas<\/strong> podem ser testadas. Uma delas \u00e9 a dieta baixa FODMAPs (<a href=\"https:\/\/pubmed.ncbi.nlm.nih.gov\/33321805\/\" target=\"_blank\" rel=\"noreferrer noopener\">4,5<\/a>).<\/p>\n\n\n\n<p>Os <strong>sintomas<\/strong> na sensibilidade n\u00e3o cel\u00edaca podem ser gastrointestinais, como desconforto e distens\u00e3o abdominal, n\u00e1useas, refluxo, dor e diarreia; mas, tamb\u00e9m h\u00e1 relatos de dores de cabe\u00e7a e musculoesquel\u00e9tica, fadiga e erup\u00e7\u00f5es cut\u00e2neas (<a href=\"https:\/\/pubmed.ncbi.nlm.nih.gov\/34073654\/\" target=\"_blank\" rel=\"noreferrer noopener\">6<\/a>).<\/p>\n\n\n\n<p>N\u00e3o h\u00e1 mudan\u00e7a nas vilosidades intestinais, como na doen\u00e7a cel\u00edaca, mas h\u00e1 constata\u00e7\u00e3o de maiores n\u00edveis de linf\u00f3ci<strong>tos e eosin\u00f3filos<\/strong> em l\u00e2minas de tecidos duodenais e retais (<a href=\"https:\/\/pubmed.ncbi.nlm.nih.gov\/34073654\/\" target=\"_blank\" rel=\"noreferrer noopener\">6<\/a>).\u00a0<\/p>\n\n\n\n<p>O grau de <strong>restri\u00e7\u00e3o alimentar<\/strong> ir\u00e1 depender da sensibilidade em quest\u00e3o. Por exemplo, um paciente poder\u00e1 se beneficiar de restringir as fontes alimentares com maior concentra\u00e7\u00e3o de gl\u00faten, mas tolerar pequenas fra\u00e7\u00f5es em prepara\u00e7\u00f5es ou uma baixa frequ\u00eancia de consumo.\u00a0<\/p>\n\n\n\n<p>Por ser uma condi\u00e7\u00e3o com muitos fatores ainda n\u00e3o esclarecidos, a sensibilidade ao gl\u00faten n\u00e3o cel\u00edaca, entre as tr\u00eas citadas, \u00e9 a que mais necessita de <strong>cautela<\/strong> nas orienta\u00e7\u00f5es e maior automonitoramento do paciente.\u00a0<\/p>\n\n\n\n<figure class=\"wp-block-image size-full\"><img loading=\"lazy\" width=\"733\" height=\"499\" src=\"\/wp-content\/uploads\/2022\/04\/medicina-57-00526-g002.jpg\" alt=\"\" class=\"wp-image-1065\" srcset=\"\/wp-content\/uploads\/2022\/04\/medicina-57-00526-g002.jpg 733w, \/wp-content\/uploads\/2022\/04\/medicina-57-00526-g002-300x204.jpg 300w\" sizes=\"(max-width: 733px) 100vw, 733px\" \/><figcaption><em><sub>fonte: doi: 10.3390\/medicina57060526<\/sub><\/em><\/figcaption><\/figure>\n\n\n\n<p>Para finalizarmos, as restri\u00e7\u00f5es devem ser <strong>condizentes<\/strong> com os quadros cl\u00ednicos previamente diagnosticados. \u00c9 importante que as orienta\u00e7\u00f5es alimentares tamb\u00e9m sejam realizadas de acordo com a realidade e disponibilidade de recursos de cada pessoa.\u00a0<\/p>\n\n\n\n<p>E claro, apesar do important\u00edssimo papel do nutricionista no curso da doen\u00e7a nas alergias alimentares, n\u00e3o h\u00e1 como realizar esse trabalho de forma segura sem um <strong>m\u00e9dico <\/strong>especializado na \u00e1rea.\u00a0<\/p>\n\n\n\n<p><strong>Refer\u00eancias\u00a0<\/strong><\/p>\n\n\n\n<ol><li>Aziz\u00a0I,\u00a0Hadjivassiliou\u00a0M,\u00a0Sanders\u00a0D S.\u00a0Does gluten sensitivity in the absence of coeliac disease exist? <em>BMJ<\/em>, 2012 (<a rel=\"noreferrer noopener\" href=\"https:\/\/www.bmj.com\/content\/345\/bmj.e7907.long\" target=\"_blank\">https:\/\/www.bmj.com\/content\/345\/bmj.e7907.long<\/a>).<\/li><li>Brazilian Consensus on Food Allergy: 2018 &#8211; Part 1 &#8211; Etiopathogenesis, clinical features, and diagnosis. Joint position paper of the Brazilian Society of Pediatrics and the Brazilian Association of Allergy and Immunology (<a rel=\"noreferrer noopener\" href=\"http:\/\/aaai-asbai.org.br\/detalhe_artigo.asp?id=851\" target=\"_blank\">http:\/\/aaai-asbai.org.br\/detalhe_artigo.asp?id=851<\/a>).\u00a0<\/li><li>Manual MSD. Vers\u00e3o para profissionais de sa\u00fade. Assuntos m\u00e9dicos &#8211; Dist\u00farbios gastrointestinais &#8211; S\u00edndromes de M\u00e1 Absor\u00e7\u00e3o &#8211; Doen\u00e7a Cel\u00edaca. Atualizado em fevereiro de 2021 (<a rel=\"noreferrer noopener\" href=\"https:\/\/www.msdmanuals.com\/pt\/profissional\/dist%C3%BArbios-gastrointestinais\/s%C3%ADndromes-de-m%C3%A1-absor%C3%A7%C3%A3o\/doen%C3%A7a-cel%C3%ADaca\" target=\"_blank\">https:\/\/www.msdmanuals.com\/pt\/profissional\/dist\u00farbios-gastrointestinais\/)<\/a>.<\/li><li>Mumolo MG, Rettura F, Melissari S, Costa F, Ricchiuti A, Ceccarelli L, de Bortoli N, Marchi S, Bellini M. Is Gluten the Only Culprit for Non-Celiac Gluten\/Wheat Sensitivity?<em> Nutrients<\/em>, 2020. (<a rel=\"noreferrer noopener\" href=\"https:\/\/pubmed.ncbi.nlm.nih.gov\/33321805\/\" target=\"_blank\">https:\/\/pubmed.ncbi.nlm.nih.gov\/33321805\/<\/a>).<\/li><li>Dieterich W, Zopf Y. Gluten and FODMAPS-Sense of a Restriction\/When Is Restriction Necessary? <em>Nutrients<\/em>, 2019\u00a0(<a rel=\"noreferrer noopener\" href=\"https:\/\/pubmed.ncbi.nlm.nih.gov\/31434299\/\" target=\"_blank\">https:\/\/pubmed.ncbi.nlm.nih.gov\/31434299\/<\/a>).<\/li><li>C\u00e1rdenas-Torres FI, Cabrera-Ch\u00e1vez F, Figueroa-Salcido OG, Ontiveros N. Non-Celiac Gluten Sensitivity: An Update. <em>Medicina (Kaunas)<\/em>, 2021 (<a rel=\"noreferrer noopener\" href=\"https:\/\/pubmed.ncbi.nlm.nih.gov\/34073654\/\" target=\"_blank\">https:\/\/pubmed.ncbi.nlm.nih.gov\/34073654\/<\/a>).<\/li><\/ol>\n","protected":false},"excerpt":{"rendered":"<p>Diferentes termos t\u00eam sido utilizados para justificar a restri\u00e7\u00e3o de alimentos que contenham gl\u00faten. Alguns corretos, mas outros n\u00e3o. O que seria a alergia ao trigo, doen\u00e7a cel\u00edaca e sensibilidade ao gl\u00faten n\u00e3o cel\u00edaca? H\u00e1 diferen\u00e7a? Considerando a import\u00e2ncia da tem\u00e1tica e a sua complexidade, n\u00e3o apenas para o p\u00fablico, mas tamb\u00e9m para muitos profissionais, abordaremos de forma resumida essas distin\u00e7\u00f5es.<\/p>\n","protected":false},"author":9,"featured_media":1064,"comment_status":"open","ping_status":"open","sticky":false,"template":"","format":"standard","meta":{"spay_email":""},"categories":[2],"tags":[26,247,147,248,243,240,142],"jetpack_featured_media_url":"\/wp-content\/uploads\/2022\/04\/alimentacao-na-infancia-3.png","jetpack-related-posts":[{"id":1033,"url":"https:\/\/alliviciblog.azurewebsites.net\/index.php\/2022\/04\/21\/doenca-celiaca-e-niquel-qual-e-a-relacao\/","url_meta":{"origin":1063,"position":0},"title":"Doen\u00e7a Cel\u00edaca e N\u00edquel: qual \u00e9 a rela\u00e7\u00e3o?","date":"21 de abril de 2022","format":false,"excerpt":"H\u00e1 quadros em que o paciente com doen\u00e7a cel\u00edaca segue apresentando queixas intestinais, mesmo ap\u00f3s as restri\u00e7\u00f5es alimentares. O que fazer? Al\u00e9m de avaliar outras hipersensibilidades, h\u00e1 outras duas alternativas, confira no texto de hoje!","rel":"","context":"Em &quot;Atualidades&quot;","img":{"alt_text":"","src":"\/wp-content\/uploads\/2022\/04\/alimentacao-na-infancia-e1650303080777.png","width":350,"height":200},"classes":[]},{"id":312,"url":"https:\/\/alliviciblog.azurewebsites.net\/index.php\/2020\/11\/19\/doenca-celiaca-e-niquel-o-que-o-nutricionista-precisa-considerar\/","url_meta":{"origin":1063,"position":1},"title":"Doen\u00e7a Cel\u00edaca e N\u00edquel: o que o nutricionista precisa considerar","date":"19 de novembro de 2020","format":false,"excerpt":"Quais alternativas para quando o paciente com Doen\u00e7a Cel\u00edaca permanece com queixas intestinais?","rel":"","context":"Em &quot;Atualidades&quot;","img":{"alt_text":"","src":"\/wp-content\/uploads\/2020\/11\/gluten.jpg","width":350,"height":200},"classes":[]},{"id":1167,"url":"https:\/\/alliviciblog.azurewebsites.net\/index.php\/2022\/07\/07\/alergias-qual-e-o-papel-do-nutricionista\/","url_meta":{"origin":1063,"position":2},"title":"Alergias: qual \u00e9 o papel do nutricionista?","date":"7 de julho de 2022","format":false,"excerpt":"Algumas mudan\u00e7as na rotulagem dos alimentos come\u00e7ar\u00e3o a ser vistas na em breve. Um dos benef\u00edcios que o conhecimento sobre a leitura dos r\u00f3tulos proporciona \u00e9 a maior seguran\u00e7a para aqueles que sofrem com alergias alimentares. Qual \u00e9 o papel do nutricionista em casos de alergia alimentar? Como o profissional\u2026","rel":"","context":"Em &quot;Atualidades&quot;","img":{"alt_text":"","src":"\/wp-content\/uploads\/2022\/07\/alimentacao-na-infancia.jpg","width":350,"height":200},"classes":[]},{"id":1257,"url":"https:\/\/alliviciblog.azurewebsites.net\/index.php\/2022\/09\/15\/artigo-cientifico-quais-sao-as-dietas-mais-realizadas-no-esporte\/","url_meta":{"origin":1063,"position":3},"title":"Quais s\u00e3o as dietas mais realizadas no esporte?","date":"15 de setembro de 2022","format":false,"excerpt":"Quais s\u00e3o as dietas mais realizadas no esporte? \u00c9 de comum conhecimento que uma alimenta\u00e7\u00e3o planejada \u00e9 essencial para atingir os resultados desejados na performance e recupera\u00e7\u00e3o do atleta e esportista. Por isso, \u00e9 importante conhecer quais s\u00e3o as dietas, prescritas ou realizadas por conta pr\u00f3pria, seguidas por esse p\u00fablico.\u2026","rel":"","context":"Em &quot;Atualidades&quot;","img":{"alt_text":"","src":"\/wp-content\/uploads\/2022\/09\/towfiqu-barbhuiya-IohKZhD3UKo-unsplash-scaled-e1662580451256.jpg","width":350,"height":200},"classes":[]},{"id":56,"url":"https:\/\/alliviciblog.azurewebsites.net\/index.php\/2019\/05\/03\/dietas-da-moda\/","url_meta":{"origin":1063,"position":4},"title":"Dietas da Moda","date":"3 de maio de 2019","format":false,"excerpt":"Conhe\u00e7a sobre o recente estudo que analisou as composi\u00e7\u00f5es e impactos das dietas da moda.","rel":"","context":"Em &quot;Atualidades&quot;","img":{"alt_text":"","src":"\/wp-content\/uploads\/2019\/05\/dietas-da-moda-allivici-1.png","width":350,"height":200},"classes":[]},{"id":612,"url":"https:\/\/alliviciblog.azurewebsites.net\/index.php\/2021\/07\/09\/nutricao-alergias-alimentares-e-microbiota-intestinal\/","url_meta":{"origin":1063,"position":5},"title":"Nutri\u00e7\u00e3o, alergias alimentares e microbiota intestinal","date":"9 de julho de 2021","format":false,"excerpt":"Voc\u00ea sabe qual\u00a0 o papel do nutricionista no tratamento das alergias alimentares? \u00c9 importante mencionar que o diagn\u00f3stico para alergias, inclusive alimentares, \u00e9 sempre realizado por m\u00e9dicos. Nesse blog falamos sobre a atua\u00e7\u00e3o do nutricionista e sugerimos materiais para se aprofundar no assunto!","rel":"","context":"Em &quot;Atualidades&quot;","img":{"alt_text":"","src":"https:\/\/alliviciblog.files.wordpress.com\/2021\/07\/screen-shot-2021-07-08-at-12.59.29-pm.png?w=350&h=200&crop=1","width":350,"height":200},"classes":[]}],"_links":{"self":[{"href":"https:\/\/alliviciblog.azurewebsites.net\/index.php\/wp-json\/wp\/v2\/posts\/1063"}],"collection":[{"href":"https:\/\/alliviciblog.azurewebsites.net\/index.php\/wp-json\/wp\/v2\/posts"}],"about":[{"href":"https:\/\/alliviciblog.azurewebsites.net\/index.php\/wp-json\/wp\/v2\/types\/post"}],"author":[{"embeddable":true,"href":"https:\/\/alliviciblog.azurewebsites.net\/index.php\/wp-json\/wp\/v2\/users\/9"}],"replies":[{"embeddable":true,"href":"https:\/\/alliviciblog.azurewebsites.net\/index.php\/wp-json\/wp\/v2\/comments?post=1063"}],"version-history":[{"count":6,"href":"https:\/\/alliviciblog.azurewebsites.net\/index.php\/wp-json\/wp\/v2\/posts\/1063\/revisions"}],"predecessor-version":[{"id":1071,"href":"https:\/\/alliviciblog.azurewebsites.net\/index.php\/wp-json\/wp\/v2\/posts\/1063\/revisions\/1071"}],"wp:featuredmedia":[{"embeddable":true,"href":"https:\/\/alliviciblog.azurewebsites.net\/index.php\/wp-json\/wp\/v2\/media\/1064"}],"wp:attachment":[{"href":"https:\/\/alliviciblog.azurewebsites.net\/index.php\/wp-json\/wp\/v2\/media?parent=1063"}],"wp:term":[{"taxonomy":"category","embeddable":true,"href":"https:\/\/alliviciblog.azurewebsites.net\/index.php\/wp-json\/wp\/v2\/categories?post=1063"},{"taxonomy":"post_tag","embeddable":true,"href":"https:\/\/alliviciblog.azurewebsites.net\/index.php\/wp-json\/wp\/v2\/tags?post=1063"}],"curies":[{"name":"wp","href":"https:\/\/api.w.org\/{rel}","templated":true}]}}