{"id":1049,"date":"2022-05-05T14:00:00","date_gmt":"2022-05-05T17:00:00","guid":{"rendered":"https:\/\/alliviciblog.azurewebsites.net\/?p=1049"},"modified":"2025-06-15T17:39:52","modified_gmt":"2025-06-15T20:39:52","slug":"cuidado-nutricional-lupus","status":"publish","type":"post","link":"https:\/\/alliviciblog.azurewebsites.net\/index.php\/2022\/05\/05\/cuidado-nutricional-lupus\/","title":{"rendered":"Cuidado Nutricional: L\u00fapus"},"content":{"rendered":"\n<p>L\u00fapus Eritematoso Sist\u00eamico (LES) \u00e9 uma <strong>doen\u00e7a inflamat\u00f3ria cr\u00f4nica<\/strong> de origem autoimune e a sintomatologia varia de acordo com as fases, de atividade e remiss\u00e3o. O seu desenvolvimento \u00e9 decorrente da intera\u00e7\u00e3o de fatores gen\u00e9ticos, hormonais e ambientais (<a href=\"https:\/\/www.reumatologia.org.br\/orientacoes-ao-paciente\/lupus-eritematoso-sistemico-les-cartilha-da-sbr\/\">1<\/a>).<\/p>\n\n\n\n<p>O tratamento \u00e9<strong> individualizado<\/strong> e dependente dos sintomas, podendo incluir: interven\u00e7\u00e3o farmacol\u00f3gica, modula\u00e7\u00e3o das altera\u00e7\u00f5es imunol\u00f3gicas e controle de poss\u00edveis comorbidades.<\/p>\n\n\n\n<p>Por ser uma doen\u00e7a cr\u00f4nica, o tratamento precisa ser o mais<strong> integrativo <\/strong>poss\u00edvel, contando com o apoio de outros profissionais, como um psic\u00f3logo, educador f\u00edsico e nutricionista.&nbsp;<\/p>\n\n\n\n<p><strong>Ent\u00e3o, qual o papel da nutri\u00e7\u00e3o e alimenta\u00e7\u00e3o no LES?<\/strong><\/p>\n\n\n\n<p>Atender \u00e0s <strong>demandas alimentares<\/strong> desse paciente, associadas ou n\u00e3o ao LES. Ou seja, possa coexistir um processo de orienta\u00e7\u00e3o nutricional e educa\u00e7\u00e3o alimentar com interven\u00e7\u00f5es para amenizar os poss\u00edveis sintomas.<\/p>\n\n\n\n<p><strong>Estrat\u00e9gias<\/strong> podem ser utilizadas para promover um consumo alimentar pr\u00f3ximo ao adequado, ajustado \u00e0s altera\u00e7\u00f5es de apetite caracter\u00edsticas do tratamento. Assim como com foco na preven\u00e7\u00e3o e controle de <strong>comorbidades<\/strong>, como hipertens\u00e3o, nefrite l\u00fapica e dor articular.&nbsp;<\/p>\n\n\n\n<p><strong>Estrat\u00e9gias nutricionais<\/strong><\/p>\n\n\n\n<ul><li><strong>Monitoramento dos n\u00edveis de vitamina D:<\/strong> os n\u00edveis s\u00e9ricos de vitamina D s\u00e3o impactados com a redu\u00e7\u00e3o \u00e0 exposi\u00e7\u00e3o solar para evitar as les\u00f5es cut\u00e2neas. A sugest\u00e3o \u00e9 a manuten\u00e7\u00e3o acima de 30ng\/mL;&nbsp;<\/li><li><strong>Preven\u00e7\u00e3o ou controle de outras comorbidades:<\/strong> quadros de dislipidemia, diabetes, obesidade, hipertens\u00e3o e osteoporose podem estar presentes na LES. A orienta\u00e7\u00e3o alimentar precisa ser condizente com as condi\u00e7\u00f5es cl\u00ednicas apresentadas;&nbsp;<\/li><li><strong>Aten\u00e7\u00e3o para altera\u00e7\u00f5es no apetite, humor e varia\u00e7\u00e3o no peso:<\/strong> ajustes na densidade cal\u00f3rica das refei\u00e7\u00f5es podem ser utilizadas para manter um consumo alimentar pr\u00f3ximo \u00e0s necessidades;&nbsp;<\/li><li><strong>Intera\u00e7\u00e3o medicamentosa:<\/strong> cortic\u00f3ides podem impactar no apetite, ou causar sintomas de incha\u00e7o em algumas pessoas, orienta\u00e7\u00f5es para amenizar a reten\u00e7\u00e3o de l\u00edquidos podem ser realizadas.&nbsp;<\/li><\/ul>\n\n\n\n<p>\u00c9 importante ressaltar que esse \u00e9 um <strong>quadro cl\u00ednico complexo<\/strong> e o nutricionista estar\u00e1 como participante de uma terapia complementar, mas toda a orienta\u00e7\u00e3o deve estar de acordo com a <strong>conduta m\u00e9dica<\/strong> vigente.<\/p>\n\n\n\n<p>Para o tratamento nutricional \u00e9 essencial que a <strong>autonomia alimentar<\/strong> seja promovida, assim os benef\u00edcios de uma alimenta\u00e7\u00e3o saud\u00e1vel podem ser levados para toda a vida.&nbsp;<\/p>\n\n\n\n<p><strong>At\u00e9 mais!&nbsp;<\/strong><\/p>\n\n\n\n<p><strong>REFER\u00caNCIAS<\/strong><\/p>\n\n\n\n<ol><li>SOCIEDADE BRASILEIRA DE REUMATOLOGIA (SBR). Orienta\u00e7\u00f5es ao Paciente \u2013 L\u00fapus Eritematoso Sist\u00eamico (LES) <em>Cartilha da SBR, <\/em>2011. <a href=\"https:\/\/www.reumatologia.org.br\/orientacoes-ao-paciente\/lupus-eritematoso-sistemico-les-cartilha-da-sbr\/\">https:\/\/www.reumatologia.org.br\/orientacoes-ao-paciente\/lupus-eritematoso-sistemico-les-cartilha-da-sbr\/<\/a>&nbsp;<\/li><li>FANOURIAKIS, A. et al. 2019 update of the EULAR recommendations for the management of systemic lupus erythematosus. <em>Ann Rheum Dis<\/em>, 1-10, 2019. <a href=\"https:\/\/ard.bmj.com\/content\/78\/6\/736\">10.1136\/annrheumdis-2019-215089<\/a>&nbsp;<\/li><li>MEDEIROS M. C. et al. Dietary intervention and health in patients with systemic lupus erythematosus: a systematic review of the evidence. <em>Critical rev food science nutrition<\/em>, v. 59, n. 16, p. 2666-2673, 2018. <a href=\"https:\/\/doi.org\/10.1080\/10408398.2018.1463966\">https:\/\/doi.org\/10.1080\/10408398.2018.1463966<\/a><\/li><li>KLUMB, E.M. et al. Consenso da sociedade brasileira de reumatologia para o diagn\u00f3stico, manejo e tratamento da nefrite l\u00fapica. <em>Rev Bras Reumatol, <\/em>v. 55, n. 1, p. 1-21, 2014. <a href=\"http:\/\/dx.doi.org\/10.1016\/j.rbr.2014.09.008\">http:\/\/dx.doi.org\/10.1016\/j.rbr.2014.09.008<\/a><\/li><li>SOUSA, J. R. et al. Effect of vitamin D supplementation on patients with systemic lupus erythematosus: a systematic review. <em>Rev Bras Reumatol, <\/em>v. 57, n. 5, p. 466-471, 2017. <a href=\"http:\/\/dx.doi.org\/10.1016\/j.rbre.2017.08.001\">http:\/\/dx.doi.org\/10.1016\/j.rbre.2017.08.001<\/a><\/li><\/ol>\n","protected":false},"excerpt":{"rendered":"<p>Pensando no dia Mundial do L\u00fapus o texto de hoje ser\u00e1 sobre o papel do nutricionista no tratamento multiprofissional em indiv\u00edduos portadores de L\u00fapus Eritematoso Sist\u00eamico (LES). H\u00e1 uma dieta espec\u00edfica que deve ser utilizada? Existem nutrientes importantes para essa condi\u00e7\u00e3o cl\u00ednica?<\/p>\n","protected":false},"author":9,"featured_media":515,"comment_status":"open","ping_status":"open","sticky":false,"template":"","format":"standard","meta":{"spay_email":""},"categories":[2],"tags":[28,244,168,81,97,100,115,245],"jetpack_featured_media_url":"\/wp-content\/uploads\/2021\/05\/blog-e1620825475992.jpg","jetpack-related-posts":[{"id":513,"url":"https:\/\/alliviciblog.azurewebsites.net\/index.php\/2021\/05\/14\/estrategias-nutricionais-no-tratamento-de-lupus\/","url_meta":{"origin":1049,"position":0},"title":"Estrat\u00e9gias Nutricionais no Tratamento de L\u00fapus","date":"14 de maio de 2021","format":false,"excerpt":"A \u00faltima segunda-feira (10\/05) foi o Dia Mundial do L\u00fapus, por ser uma doen\u00e7a cr\u00f4nica \u00e9 essencial que o tratamento seja o mais integrativo poss\u00edvel, contando com o apoio de outros profissionais, como o nutricionista.\u00a0Conhe\u00e7a estrat\u00e9gias nutricionais que podem ser usadas no tratamento do L\u00fapus.","rel":"","context":"Em &quot;Atualidades&quot;","img":{"alt_text":"","src":"\/wp-content\/uploads\/2021\/05\/blog-e1620825475992.jpg","width":350,"height":200},"classes":[]},{"id":1080,"url":"https:\/\/alliviciblog.azurewebsites.net\/index.php\/2022\/05\/12\/doencas-reumaticas-e-vegetarianismo\/","url_meta":{"origin":1049,"position":1},"title":"Artigo Cient\u00edfico: Doen\u00e7as Reum\u00e1ticas e Vegetarianismo","date":"12 de maio de 2022","format":false,"excerpt":"Doen\u00e7as reum\u00e1ticas s\u00e3o condi\u00e7\u00f5es cr\u00f4nicas de sa\u00fade que tamb\u00e9m merecem aten\u00e7\u00e3o quanto \u00e0 alimenta\u00e7\u00e3o. L\u00fapus, gota, osteoartrite e fibromialgia s\u00e3o exemplos. Qual o papel do nutricionista nesses casos? \u00c9 verdade que existe uma dieta ideal? Hoje analisaremos um novo estudo, tamb\u00e9m de revis\u00e3o sistem\u00e1tica, sobre a aplicabilidade de dietas vegetarianas\u2026","rel":"","context":"Em &quot;Atualidades&quot;","img":{"alt_text":"","src":"\/wp-content\/uploads\/2021\/04\/blog-e1618404801426.jpg","width":350,"height":200},"classes":[]},{"id":455,"url":"https:\/\/alliviciblog.azurewebsites.net\/index.php\/2021\/04\/16\/alimentacao-e-doencas-reumaticas-voce-sabe-a-relacao\/","url_meta":{"origin":1049,"position":2},"title":"Alimenta\u00e7\u00e3o e doen\u00e7as reum\u00e1ticas, voc\u00ea sabe a rela\u00e7\u00e3o?","date":"16 de abril de 2021","format":false,"excerpt":"Doen\u00e7as reum\u00e1ticas s\u00e3o condi\u00e7\u00f5es cr\u00f4nicas de sa\u00fade e por isso tamb\u00e9m merecem aten\u00e7\u00e3o quanto \u00e0 alimenta\u00e7\u00e3o. Estrat\u00e9gias nutricionais podem ser utilizadas de forma complementar ao tratamento. O que estudos cient\u00edficos falam sobre a tem\u00e1tica?","rel":"","context":"Em &quot;Atualidades&quot;","img":{"alt_text":"","src":"\/wp-content\/uploads\/2021\/04\/blog-e1618404801426.jpg","width":350,"height":200},"classes":[]},{"id":1423,"url":"https:\/\/alliviciblog.azurewebsites.net\/index.php\/2023\/02\/14\/cuidado-nutricional-doencas-raras\/","url_meta":{"origin":1049,"position":3},"title":"Cuidado Nutricional: Doen\u00e7as Raras","date":"14 de fevereiro de 2023","format":false,"excerpt":"Doen\u00e7as raras s\u00e3o todas aquelas que atingem um n\u00famero reduzido de pessoas, 65 em cada 100.000 indiv\u00edduos. Podem ter origem gen\u00e9tica, que \u00e9 o caso da maioria, ou infecciosa, inflamat\u00f3ria e autoimune. O Dia Mundial das Doen\u00e7as Raras acontece no dia 28\/02. No texto de hoje, descubra quando a atua\u00e7\u00e3o\u2026","rel":"","context":"Em &quot;Atualidades&quot;","img":{"alt_text":"","src":"\/wp-content\/uploads\/2023\/01\/pexels-photo-954585.jpeg","width":350,"height":200},"classes":[]},{"id":582,"url":"https:\/\/alliviciblog.azurewebsites.net\/index.php\/2021\/06\/25\/cuidado-nutricional-na-psoriase\/","url_meta":{"origin":1049,"position":4},"title":"Cuidado Nutricional na Psor\u00edase","date":"25 de junho de 2021","format":false,"excerpt":"A psor\u00edase \u00e9 uma doen\u00e7a dermatol\u00f3gica cr\u00f4nica e imunomediada. Possui rela\u00e7\u00e3o com a manifesta\u00e7\u00e3o de artrite psori\u00e1sica, doen\u00e7as cardiometab\u00f3licas e gastrointestinais. O nutricionista possui importante espa\u00e7o de atua\u00e7\u00e3o no tratamento de doen\u00e7as cr\u00f4nicas. Por isso, trouxemos o resumo de um artigo cient\u00edfico que avaliou diversas interven\u00e7\u00f5es diet\u00e9ticas e o poss\u00edvel\u2026","rel":"","context":"Em &quot;Atualidades&quot;","img":{"alt_text":"","src":"\/wp-content\/uploads\/2021\/06\/screen-shot-2021-06-23-at-4.29.43-pm-e1624476654933.png","width":350,"height":200},"classes":[]},{"id":624,"url":"https:\/\/alliviciblog.azurewebsites.net\/index.php\/2021\/07\/16\/cuidado-nutricional-doencas-tireoidianas\/","url_meta":{"origin":1049,"position":5},"title":"Cuidado Nutricional: Doen\u00e7as Tireoidianas","date":"16 de julho de 2021","format":false,"excerpt":"Como em muitas condi\u00e7\u00f5es de sa\u00fade, o tratamento das doen\u00e7as tireoidianas tamb\u00e9m \u00e9 multiprofissional, incluindo a importante atua\u00e7\u00e3o do nutricionista. Entenda o papel da nutri\u00e7\u00e3o nas doen\u00e7as tireoidianas lendo o conte\u00fado na \u00edntegra!","rel":"","context":"Em &quot;Atualidades&quot;","img":{"alt_text":"","src":"\/wp-content\/uploads\/2021\/07\/Capas-Blog-4.png","width":350,"height":200},"classes":[]}],"_links":{"self":[{"href":"https:\/\/alliviciblog.azurewebsites.net\/index.php\/wp-json\/wp\/v2\/posts\/1049"}],"collection":[{"href":"https:\/\/alliviciblog.azurewebsites.net\/index.php\/wp-json\/wp\/v2\/posts"}],"about":[{"href":"https:\/\/alliviciblog.azurewebsites.net\/index.php\/wp-json\/wp\/v2\/types\/post"}],"author":[{"embeddable":true,"href":"https:\/\/alliviciblog.azurewebsites.net\/index.php\/wp-json\/wp\/v2\/users\/9"}],"replies":[{"embeddable":true,"href":"https:\/\/alliviciblog.azurewebsites.net\/index.php\/wp-json\/wp\/v2\/comments?post=1049"}],"version-history":[{"count":4,"href":"https:\/\/alliviciblog.azurewebsites.net\/index.php\/wp-json\/wp\/v2\/posts\/1049\/revisions"}],"predecessor-version":[{"id":2461,"href":"https:\/\/alliviciblog.azurewebsites.net\/index.php\/wp-json\/wp\/v2\/posts\/1049\/revisions\/2461"}],"wp:featuredmedia":[{"embeddable":true,"href":"https:\/\/alliviciblog.azurewebsites.net\/index.php\/wp-json\/wp\/v2\/media\/515"}],"wp:attachment":[{"href":"https:\/\/alliviciblog.azurewebsites.net\/index.php\/wp-json\/wp\/v2\/media?parent=1049"}],"wp:term":[{"taxonomy":"category","embeddable":true,"href":"https:\/\/alliviciblog.azurewebsites.net\/index.php\/wp-json\/wp\/v2\/categories?post=1049"},{"taxonomy":"post_tag","embeddable":true,"href":"https:\/\/alliviciblog.azurewebsites.net\/index.php\/wp-json\/wp\/v2\/tags?post=1049"}],"curies":[{"name":"wp","href":"https:\/\/api.w.org\/{rel}","templated":true}]}}